{"id":8692,"date":"2020-06-13T19:15:43","date_gmt":"2020-06-13T19:15:43","guid":{"rendered":"http:\/\/paroquiagloria.org\/v2\/?p=8692"},"modified":"2020-06-13T19:15:43","modified_gmt":"2020-06-13T19:15:43","slug":"o-coracao-de-jesus","status":"publish","type":"post","link":"http:\/\/paroquiagloria.org\/v2\/?p=8692","title":{"rendered":"O Cora\u00e7\u00e3o de Jesus"},"content":{"rendered":"<p><a href=\"http:\/\/paroquiagloria.org\/v2\/wp-content\/uploads\/2020\/06\/Sagrado-Coracao-jesus.jpg\"><img loading=\"lazy\" class=\"size-full wp-image-8700 aligncenter\" src=\"http:\/\/paroquiagloria.org\/v2\/wp-content\/uploads\/2020\/06\/Sagrado-Coracao-jesus.jpg\" alt=\"Sagrado-Coracao-jesus\" width=\"600\" height=\"370\" srcset=\"http:\/\/paroquiagloria.org\/v2\/wp-content\/uploads\/2020\/06\/Sagrado-Coracao-jesus.jpg 600w, http:\/\/paroquiagloria.org\/v2\/wp-content\/uploads\/2020\/06\/Sagrado-Coracao-jesus-300x185.jpg 300w\" sizes=\"(max-width: 600px) 100vw, 600px\" \/><\/a><\/p>\n<p>&nbsp;<\/p>\n<p>Lembrar o Cora\u00e7\u00e3o de Jesus \u00e9 um convite \u00e0 interioridade e \u00e0 contempla\u00e7\u00e3o; que Deus nos ama, que o cora\u00e7\u00e3o de Deus tem lugar para todos, que \u00e9 um cora\u00e7\u00e3o de carne, aberto, transbordante de amor e de miseric\u00f3rdia. Mais do que um olhar sentimentalista, \u00e9 olhar para &#8220;o cora\u00e7\u00e3o da revela\u00e7\u00e3o [crist\u00e3], o cora\u00e7\u00e3o da nossa f\u00e9&#8221;, como nos recorda o Papa Francisco.<br \/>\nA contempla\u00e7\u00e3o do Cora\u00e7\u00e3o deve levar-nos a recuperar a dimens\u00e3o da interioridade e dos afetos, da ternura, do consolo, do cuidado, da compaix\u00e3o e da miseric\u00f3rdia.<br \/>\nOlhar para o Cora\u00e7\u00e3o de Jesus \u00e9, ao mesmo tempo, olhar para cada pessoa que \u00e9 amada por Deus de forma \u00fanica e total.<br \/>\n(Adapt. <a href=\"https:\/\/pontosj.pt\/opiniao\/e-urgente-recuperar-o-coracao\/\" target=\"_blank\">https:\/\/pontosj.pt\/opiniao\/e-urgente-recuperar-o-coracao\/<\/a>)<\/p>\n","protected":false},"excerpt":{"rendered":"<p>&nbsp; Lembrar o Cora\u00e7\u00e3o de Jesus \u00e9 um convite \u00e0 interioridade e \u00e0 contempla\u00e7\u00e3o; que Deus nos ama, que o cora\u00e7\u00e3o de Deus tem lugar para todos, que \u00e9 um cora\u00e7\u00e3o de carne, aberto, transbordante de amor e de miseric\u00f3rdia. Mais do que um olhar sentimentalista, \u00e9 olhar para &#8220;o cora\u00e7\u00e3o da revela\u00e7\u00e3o [crist\u00e3], o [&hellip;]<\/p>\n","protected":false},"author":1,"featured_media":8696,"comment_status":"open","ping_status":"closed","sticky":false,"template":"","format":"standard","meta":{"ngg_post_thumbnail":0},"categories":[1,4,2,6],"tags":[],"_links":{"self":[{"href":"http:\/\/paroquiagloria.org\/v2\/index.php?rest_route=\/wp\/v2\/posts\/8692"}],"collection":[{"href":"http:\/\/paroquiagloria.org\/v2\/index.php?rest_route=\/wp\/v2\/posts"}],"about":[{"href":"http:\/\/paroquiagloria.org\/v2\/index.php?rest_route=\/wp\/v2\/types\/post"}],"author":[{"embeddable":true,"href":"http:\/\/paroquiagloria.org\/v2\/index.php?rest_route=\/wp\/v2\/users\/1"}],"replies":[{"embeddable":true,"href":"http:\/\/paroquiagloria.org\/v2\/index.php?rest_route=%2Fwp%2Fv2%2Fcomments&post=8692"}],"version-history":[{"count":1,"href":"http:\/\/paroquiagloria.org\/v2\/index.php?rest_route=\/wp\/v2\/posts\/8692\/revisions"}],"predecessor-version":[{"id":8701,"href":"http:\/\/paroquiagloria.org\/v2\/index.php?rest_route=\/wp\/v2\/posts\/8692\/revisions\/8701"}],"wp:featuredmedia":[{"embeddable":true,"href":"http:\/\/paroquiagloria.org\/v2\/index.php?rest_route=\/wp\/v2\/media\/8696"}],"wp:attachment":[{"href":"http:\/\/paroquiagloria.org\/v2\/index.php?rest_route=%2Fwp%2Fv2%2Fmedia&parent=8692"}],"wp:term":[{"taxonomy":"category","embeddable":true,"href":"http:\/\/paroquiagloria.org\/v2\/index.php?rest_route=%2Fwp%2Fv2%2Fcategories&post=8692"},{"taxonomy":"post_tag","embeddable":true,"href":"http:\/\/paroquiagloria.org\/v2\/index.php?rest_route=%2Fwp%2Fv2%2Ftags&post=8692"}],"curies":[{"name":"wp","href":"https:\/\/api.w.org\/{rel}","templated":true}]}}