{"id":8681,"date":"2020-06-06T20:02:25","date_gmt":"2020-06-06T20:02:25","guid":{"rendered":"http:\/\/paroquiagloria.org\/v2\/?p=8681"},"modified":"2020-06-06T20:02:25","modified_gmt":"2020-06-06T20:02:25","slug":"reabrir-com-cuidado-2","status":"publish","type":"post","link":"http:\/\/paroquiagloria.org\/v2\/?p=8681","title":{"rendered":"Reabrir com cuidado ! (2)"},"content":{"rendered":"<p style=\"text-align: center;\"><a href=\"http:\/\/paroquiagloria.org\/v2\/wp-content\/uploads\/2020\/06\/SeAv_PosPademia.jpg\"><img loading=\"lazy\" class=\"alignnone size-full wp-image-8684\" src=\"http:\/\/paroquiagloria.org\/v2\/wp-content\/uploads\/2020\/06\/SeAv_PosPademia.jpg\" alt=\"SeAv_PosPademia\" width=\"960\" height=\"230\" srcset=\"http:\/\/paroquiagloria.org\/v2\/wp-content\/uploads\/2020\/06\/SeAv_PosPademia.jpg 960w, http:\/\/paroquiagloria.org\/v2\/wp-content\/uploads\/2020\/06\/SeAv_PosPademia-300x72.jpg 300w\" sizes=\"(max-width: 960px) 100vw, 960px\" \/><\/a><\/p>\n<p style=\"text-align: center;\">\n<p>Foi no fim de semana passado, Solenidade do Pentecostes, que a nossa Igreja reabriu as suas portas \u00e0 ora\u00e7\u00e3o individual e lit\u00fargica dos fi\u00e9is.<br \/>\nO receio era generalizado e o espa\u00e7o, apesar dos cuidados acrescidos na sua prepara\u00e7\u00e3o, foi amplo para acolher quantos quiseram celebrar a F\u00e9 e alimentar-se espiritualmente. Todos se sentiram seguros, foram bem-vindos e ningu\u00e9m ficou fora.<br \/>\nCom o tempo, por\u00e9m, as resist\u00eancias psicol\u00f3gicas ao desconfinamento deixar-se-\u00e3o de fazer sentir e v\u00e3o tornar cada vez mais numerosas as nossas Assembleias. Por isso, devemos continuar a ter cuidado com a higiene das m\u00e3os, o uso da m\u00e1scara, o respeito pelo distanciamento social e a etiqueta respirat\u00f3ria.<br \/>\nN\u00e3o tenha, pois, medo de vir \u00e0 Igreja, e quando vier, \u00e0 semana ou ao domingo,<\/p>\n<p style=\"padding-left: 60px;\">\u00a8 traga sempre a sua m\u00e1scara,<br \/>\n\u00a8 fa\u00e7a a higiene das m\u00e3os,<br \/>\n\u00a8 guarde as dist\u00e2ncias e comece por ocupar as cadeiras mais pr\u00f3ximas do altar,<br \/>\n\u00a8 n\u00e3o espirre para o alto, para a frente ou para o ch\u00e3o,<br \/>\n\u00a8 evite beijos e abra\u00e7os,<br \/>\n\u00a8 n\u00e3o fa\u00e7a sala no adro,<br \/>\n\u00a8 lembre-se que a m\u00e1scara n\u00e3o impede o sorriso nem dispensa a paci\u00eancia&#8230;<\/p>\n<p>Na medida em que observarmos estas coisas, contribuiremos para que a Igreja seja um espa\u00e7o feliz de ora\u00e7\u00e3o e comunh\u00e3o e n\u00e3o de desconforto com medo de cont\u00e1gios.<\/p>\n","protected":false},"excerpt":{"rendered":"<p>Foi no fim de semana passado, Solenidade do Pentecostes, que a nossa Igreja reabriu as suas portas \u00e0 ora\u00e7\u00e3o individual e lit\u00fargica dos fi\u00e9is. O receio era generalizado e o espa\u00e7o, apesar dos cuidados acrescidos na sua prepara\u00e7\u00e3o, foi amplo para acolher quantos quiseram celebrar a F\u00e9 e alimentar-se espiritualmente. Todos se sentiram seguros, foram [&hellip;]<\/p>\n","protected":false},"author":1,"featured_media":8649,"comment_status":"open","ping_status":"closed","sticky":false,"template":"","format":"standard","meta":{"ngg_post_thumbnail":0},"categories":[1,4,2,6,22],"tags":[],"_links":{"self":[{"href":"http:\/\/paroquiagloria.org\/v2\/index.php?rest_route=\/wp\/v2\/posts\/8681"}],"collection":[{"href":"http:\/\/paroquiagloria.org\/v2\/index.php?rest_route=\/wp\/v2\/posts"}],"about":[{"href":"http:\/\/paroquiagloria.org\/v2\/index.php?rest_route=\/wp\/v2\/types\/post"}],"author":[{"embeddable":true,"href":"http:\/\/paroquiagloria.org\/v2\/index.php?rest_route=\/wp\/v2\/users\/1"}],"replies":[{"embeddable":true,"href":"http:\/\/paroquiagloria.org\/v2\/index.php?rest_route=%2Fwp%2Fv2%2Fcomments&post=8681"}],"version-history":[{"count":1,"href":"http:\/\/paroquiagloria.org\/v2\/index.php?rest_route=\/wp\/v2\/posts\/8681\/revisions"}],"predecessor-version":[{"id":8685,"href":"http:\/\/paroquiagloria.org\/v2\/index.php?rest_route=\/wp\/v2\/posts\/8681\/revisions\/8685"}],"wp:featuredmedia":[{"embeddable":true,"href":"http:\/\/paroquiagloria.org\/v2\/index.php?rest_route=\/wp\/v2\/media\/8649"}],"wp:attachment":[{"href":"http:\/\/paroquiagloria.org\/v2\/index.php?rest_route=%2Fwp%2Fv2%2Fmedia&parent=8681"}],"wp:term":[{"taxonomy":"category","embeddable":true,"href":"http:\/\/paroquiagloria.org\/v2\/index.php?rest_route=%2Fwp%2Fv2%2Fcategories&post=8681"},{"taxonomy":"post_tag","embeddable":true,"href":"http:\/\/paroquiagloria.org\/v2\/index.php?rest_route=%2Fwp%2Fv2%2Ftags&post=8681"}],"curies":[{"name":"wp","href":"https:\/\/api.w.org\/{rel}","templated":true}]}}