{"id":8669,"date":"2020-05-30T18:45:48","date_gmt":"2020-05-30T18:45:48","guid":{"rendered":"http:\/\/paroquiagloria.org\/v2\/?p=8669"},"modified":"2020-05-30T18:45:48","modified_gmt":"2020-05-30T18:45:48","slug":"reabrir-com-cuidado","status":"publish","type":"post","link":"http:\/\/paroquiagloria.org\/v2\/?p=8669","title":{"rendered":"Reabrir com cuidado !"},"content":{"rendered":"<p><a href=\"http:\/\/paroquiagloria.org\/v2\/wp-content\/uploads\/2013\/02\/SeCatedralAveiro-SergioGutierrezGetino-d.jpg\"><img loading=\"lazy\" class=\"size-full wp-image-8651 aligncenter\" src=\"http:\/\/paroquiagloria.org\/v2\/wp-content\/uploads\/2013\/02\/SeCatedralAveiro-SergioGutierrezGetino-d.jpg\" alt=\"SeCatedralAveiro-SergioGutierrezGetino-d\" width=\"660\" height=\"370\" srcset=\"http:\/\/paroquiagloria.org\/v2\/wp-content\/uploads\/2013\/02\/SeCatedralAveiro-SergioGutierrezGetino-d.jpg 660w, http:\/\/paroquiagloria.org\/v2\/wp-content\/uploads\/2013\/02\/SeCatedralAveiro-SergioGutierrezGetino-d-300x168.jpg 300w\" sizes=\"(max-width: 660px) 100vw, 660px\" \/><\/a><\/p>\n<p>&nbsp;<\/p>\n<p style=\"text-align: justify;\">\u00c9 estranha a sensa\u00e7\u00e3o para quem entra na nossa Igreja, como estranhos s\u00e3o os tempos que vivemos e que nos obrigam a cuidados redobrados para a sua reabertura ao culto, tendo em conta as exig\u00eancias da DGS, aprovadas pela Confer\u00eancia Episcopal Portuguesa.<br \/>\nApesar de ampla e de portas sempre abertas, a Nossa Igreja Paroquial \u00e9 pequena para acolher com seguran\u00e7a os que habitualmente participavam nas Celebra\u00e7\u00f5es Dominicais. Tal facto, por\u00e9m, obrigando a limitar o n\u00famero de participantes, n\u00e3o dispensa ningu\u00e9m de santificar o Domingo, mesmo as pessoas mais vulner\u00e1veis pela idade, com ou sem patologias que recomendem o confinamento social.<br \/>\nPara que a reabertura da nossa Igreja ao culto, a partir da Solenidade do Pentecostes, n\u00e3o potencie o cont\u00e1gio pelo coronavirus, lembra-se \u00e0s &#8220;pessoas de risco&#8221;, pela idade ou por qualquer patologia, que devem evitar a participa\u00e7\u00e3o eucar\u00edstica na Igreja, podendo continuar a alimentar-se espiritualmente pelos meios de comunica\u00e7\u00e3o social habituais, e sacramentalmente nas Missas de semana, cujo hor\u00e1rio vamos tamb\u00e9m retomar. Tudo isto come\u00e7a na nossa Igreja Paroquial, mas n\u00e3o em Santiago e Vilar, por enquanto.<br \/>\nFinalmente, se est\u00e1 a pensar que temos lugares reservados na Igreja, engana-se. Todos s\u00e3o benvindos e acolhidos, desde que a Assembleia n\u00e3o ultrapasse as 150 pessoas. Se isso acontecer, resta-lhe a sombra aben\u00e7oada das magn\u00f3lias do nosso adro ?!<\/p>\n<p style=\"text-align: justify;\"><strong>Lembra-se que :<\/strong><br \/>\n&#8212;\u00a0a Sagrada Comunh\u00e3o deve ser sempre recebida de p\u00e9, na m\u00e3o e em fila \u00fanica;<br \/>\n&#8212; as cadeiras devem ser ocupadas a partir do altar e n\u00e3o das portas do fundo, seguindo sempre as instru\u00e7\u00f5es da equipa de acolhimento;<br \/>\n&#8212; a sa\u00edda da Igreja deve ser ordenada, evitando-se a todo o custo aglomerados de pessoas;<br \/>\n&#8212;\u00a0a entrada s\u00f3 \u00e9 permitida quando a sa\u00edda estiver conclu\u00edda.<\/p>\n<p style=\"text-align: justify;\"><span style=\"text-decoration: underline;\"><strong>RESUMINDO:<\/strong><\/span><\/p>\n<p style=\"text-align: justify; padding-left: 150px;\">N\u00e3o tenha medo de vir \u00e0 Igreja rezar e descansar,<\/p>\n<p style=\"text-align: justify; padding-left: 150px;\">traga sempre a sua m\u00e1scara,<\/p>\n<p style=\"text-align: justify; padding-left: 150px;\">guarde as dist\u00e2ncias,<\/p>\n<p style=\"text-align: justify; padding-left: 150px;\">fa\u00e7a a higiene das m\u00e3os,<\/p>\n<p style=\"text-align: justify; padding-left: 150px;\">n\u00e3o espirre para o alto,<\/p>\n<p style=\"text-align: justify; padding-left: 150px;\">para a frente ou para o ch\u00e3o,<\/p>\n<p style=\"text-align: justify; padding-left: 150px;\">mas para o cotovelo,<\/p>\n<p style=\"text-align: justify; padding-left: 150px;\">venha com dose acrescida de paci\u00eancia,<\/p>\n<p style=\"text-align: justify; padding-left: 150px;\">n\u00e3o fa\u00e7a sala no adro,<\/p>\n<p style=\"text-align: justify; padding-left: 150px;\">n\u00e3o d\u00ea beijos nem abra\u00e7os,<\/p>\n<p style=\"text-align: justify; padding-left: 150px;\">mas n\u00e3o esque\u00e7a o sorriso.<\/p>\n<p style=\"text-align: justify;\">\n<p style=\"text-align: justify;\">Resta-me desejar a todos uma Feliz e Gratificante experi\u00eancia pessoal e comunit\u00e1ria de Deus, na normalidade que as circunst\u00e2ncias actuais permitem.<\/p>\n<p style=\"text-align: right;\">P. Fausto<\/p>\n","protected":false},"excerpt":{"rendered":"<p>&nbsp; \u00c9 estranha a sensa\u00e7\u00e3o para quem entra na nossa Igreja, como estranhos s\u00e3o os tempos que vivemos e que nos obrigam a cuidados redobrados para a sua reabertura ao culto, tendo em conta as exig\u00eancias da DGS, aprovadas pela Confer\u00eancia Episcopal Portuguesa. Apesar de ampla e de portas sempre abertas, a Nossa Igreja Paroquial [&hellip;]<\/p>\n","protected":false},"author":1,"featured_media":8649,"comment_status":"open","ping_status":"closed","sticky":false,"template":"","format":"standard","meta":{"ngg_post_thumbnail":0},"categories":[1,4,2,6,22],"tags":[],"_links":{"self":[{"href":"http:\/\/paroquiagloria.org\/v2\/index.php?rest_route=\/wp\/v2\/posts\/8669"}],"collection":[{"href":"http:\/\/paroquiagloria.org\/v2\/index.php?rest_route=\/wp\/v2\/posts"}],"about":[{"href":"http:\/\/paroquiagloria.org\/v2\/index.php?rest_route=\/wp\/v2\/types\/post"}],"author":[{"embeddable":true,"href":"http:\/\/paroquiagloria.org\/v2\/index.php?rest_route=\/wp\/v2\/users\/1"}],"replies":[{"embeddable":true,"href":"http:\/\/paroquiagloria.org\/v2\/index.php?rest_route=%2Fwp%2Fv2%2Fcomments&post=8669"}],"version-history":[{"count":1,"href":"http:\/\/paroquiagloria.org\/v2\/index.php?rest_route=\/wp\/v2\/posts\/8669\/revisions"}],"predecessor-version":[{"id":8670,"href":"http:\/\/paroquiagloria.org\/v2\/index.php?rest_route=\/wp\/v2\/posts\/8669\/revisions\/8670"}],"wp:featuredmedia":[{"embeddable":true,"href":"http:\/\/paroquiagloria.org\/v2\/index.php?rest_route=\/wp\/v2\/media\/8649"}],"wp:attachment":[{"href":"http:\/\/paroquiagloria.org\/v2\/index.php?rest_route=%2Fwp%2Fv2%2Fmedia&parent=8669"}],"wp:term":[{"taxonomy":"category","embeddable":true,"href":"http:\/\/paroquiagloria.org\/v2\/index.php?rest_route=%2Fwp%2Fv2%2Fcategories&post=8669"},{"taxonomy":"post_tag","embeddable":true,"href":"http:\/\/paroquiagloria.org\/v2\/index.php?rest_route=%2Fwp%2Fv2%2Ftags&post=8669"}],"curies":[{"name":"wp","href":"https:\/\/api.w.org\/{rel}","templated":true}]}}