{"id":8655,"date":"2020-05-24T15:23:58","date_gmt":"2020-05-24T15:23:58","guid":{"rendered":"http:\/\/paroquiagloria.org\/v2\/?p=8655"},"modified":"2020-05-24T15:23:58","modified_gmt":"2020-05-24T15:23:58","slug":"sempre-convosco","status":"publish","type":"post","link":"http:\/\/paroquiagloria.org\/v2\/?p=8655","title":{"rendered":"Sempre convosco !"},"content":{"rendered":"<p><a href=\"http:\/\/paroquiagloria.org\/v2\/wp-content\/uploads\/2013\/02\/7dpascensao_A.jpg\"><img loading=\"lazy\" class=\"size-full wp-image-8647 aligncenter\" src=\"http:\/\/paroquiagloria.org\/v2\/wp-content\/uploads\/2013\/02\/7dpascensao_A.jpg\" alt=\"7dp(ascensao)_A\" width=\"1000\" height=\"707\" srcset=\"http:\/\/paroquiagloria.org\/v2\/wp-content\/uploads\/2013\/02\/7dpascensao_A.jpg 1000w, http:\/\/paroquiagloria.org\/v2\/wp-content\/uploads\/2013\/02\/7dpascensao_A-300x212.jpg 300w\" sizes=\"(max-width: 1000px) 100vw, 1000px\" \/><\/a><\/p>\n<p style=\"text-align: justify;\">O Tempo Pascal est\u00e1 a esgotar-se e &#8220;alguns ainda duvidaram&#8221;. As d\u00favidas j\u00e1 n\u00e3o s\u00e3o sobre a Ressurrei\u00e7\u00e3o, mas algumas incertezas quanto ao futuro, apesar do esfor\u00e7o de Jesus ao longo destas semanas, ainda deixam marcas sombrias no horizonte de vida de uns tantos disc\u00edpulos.<\/p>\n<p style=\"text-align: justify;\">Com todo o poder no C\u00e9u e na terra, Jesus quer, por\u00e9m, continuar a Sua obra, com os homens e com as mulheres que O acompanharam nos \u00faltimos anos de vida, apesar das fragilidades pr\u00f3prias da natureza humana, ainda que redimida no sangue vertido na cruz. \u00c9 a estes que vai confiar doravante o Seu Evangelho e \u00e9 com estes que conta para servirem com amor e iluminarem com esperan\u00e7a a humanidade dilacerada.<\/p>\n<p style=\"text-align: justify;\">Como aos que &#8220;ainda&#8221; duvidavam, Jesus confia-nos, tamb\u00e9m, hoje, apesar dos nossos medos, infidelidades e teimosias, o mundo, como espa\u00e7o, sem barreiras nem fronteiras, para anunciarmos a Boa Nova e baptizarmos &#8220;em nome do Pai, do Filho e do Esp\u00edrito Santo&#8221;.<\/p>\n<p style=\"text-align: justify;\">At\u00e9 agora os disc\u00edpulos viam, falavam, comiam e bebiam com Jesus, mas, a partir da Ascens\u00e3o, a Sua presen\u00e7a est\u00e1 para al\u00e9m das formas, porque est\u00e1 dentro deles.<\/p>\n<p style=\"text-align: justify;\">Com a solenidade da Ascens\u00e3o, Jesus n\u00e3o Se ausenta, nem esconde para l\u00e1 das nuvens, mas aproveita para dizer em cada tempo: Cumpri plenamente a vontade de Meu Pai. Agora \u00e9 a vossa vez. &#8220;Eu estou sempre convosco at\u00e9 ao fim dos tempos&#8221;.<\/p>\n<p style=\"text-align: justify;\">\n<p style=\"text-align: right;\">P. Fausto<\/p>\n<p style=\"text-align: right;\"><em>in<\/em> Di\u00e1logo n\u00ba. 1700 (Solenidade da Ascens\u00e3o do Senhor &#8211; VII Domingo do Tempo Pascal &#8211; Ano A)<\/p>\n<p>&nbsp;<\/p>\n<p>&nbsp;<\/p>\n","protected":false},"excerpt":{"rendered":"<p>O Tempo Pascal est\u00e1 a esgotar-se e &#8220;alguns ainda duvidaram&#8221;. As d\u00favidas j\u00e1 n\u00e3o s\u00e3o sobre a Ressurrei\u00e7\u00e3o, mas algumas incertezas quanto ao futuro, apesar do esfor\u00e7o de Jesus ao longo destas semanas, ainda deixam marcas sombrias no horizonte de vida de uns tantos disc\u00edpulos. Com todo o poder no C\u00e9u e na terra, Jesus [&hellip;]<\/p>\n","protected":false},"author":1,"featured_media":8648,"comment_status":"open","ping_status":"closed","sticky":false,"template":"","format":"standard","meta":{"ngg_post_thumbnail":0},"categories":[1,4,2,6,17],"tags":[],"_links":{"self":[{"href":"http:\/\/paroquiagloria.org\/v2\/index.php?rest_route=\/wp\/v2\/posts\/8655"}],"collection":[{"href":"http:\/\/paroquiagloria.org\/v2\/index.php?rest_route=\/wp\/v2\/posts"}],"about":[{"href":"http:\/\/paroquiagloria.org\/v2\/index.php?rest_route=\/wp\/v2\/types\/post"}],"author":[{"embeddable":true,"href":"http:\/\/paroquiagloria.org\/v2\/index.php?rest_route=\/wp\/v2\/users\/1"}],"replies":[{"embeddable":true,"href":"http:\/\/paroquiagloria.org\/v2\/index.php?rest_route=%2Fwp%2Fv2%2Fcomments&post=8655"}],"version-history":[{"count":1,"href":"http:\/\/paroquiagloria.org\/v2\/index.php?rest_route=\/wp\/v2\/posts\/8655\/revisions"}],"predecessor-version":[{"id":8656,"href":"http:\/\/paroquiagloria.org\/v2\/index.php?rest_route=\/wp\/v2\/posts\/8655\/revisions\/8656"}],"wp:featuredmedia":[{"embeddable":true,"href":"http:\/\/paroquiagloria.org\/v2\/index.php?rest_route=\/wp\/v2\/media\/8648"}],"wp:attachment":[{"href":"http:\/\/paroquiagloria.org\/v2\/index.php?rest_route=%2Fwp%2Fv2%2Fmedia&parent=8655"}],"wp:term":[{"taxonomy":"category","embeddable":true,"href":"http:\/\/paroquiagloria.org\/v2\/index.php?rest_route=%2Fwp%2Fv2%2Fcategories&post=8655"},{"taxonomy":"post_tag","embeddable":true,"href":"http:\/\/paroquiagloria.org\/v2\/index.php?rest_route=%2Fwp%2Fv2%2Ftags&post=8655"}],"curies":[{"name":"wp","href":"https:\/\/api.w.org\/{rel}","templated":true}]}}