{"id":8653,"date":"2020-05-24T15:21:28","date_gmt":"2020-05-24T15:21:28","guid":{"rendered":"http:\/\/paroquiagloria.org\/v2\/?p=8653"},"modified":"2020-05-24T15:28:00","modified_gmt":"2020-05-24T15:28:00","slug":"orientacoes-para-as-eucaristias-no-contexto-da-pandemia-covid-19","status":"publish","type":"post","link":"http:\/\/paroquiagloria.org\/v2\/?p=8653","title":{"rendered":"Orienta\u00e7\u00f5es para as Eucaristias no contexto da pandemia COVID-19"},"content":{"rendered":"<p>&nbsp;<\/p>\n<p><a href=\"http:\/\/paroquiagloria.org\/v2\/wp-content\/uploads\/2013\/02\/SeCatedralAveiro-SergioGutierrezGetino-d.jpg\"><img loading=\"lazy\" class=\"size-full wp-image-8651 aligncenter\" src=\"http:\/\/paroquiagloria.org\/v2\/wp-content\/uploads\/2013\/02\/SeCatedralAveiro-SergioGutierrezGetino-d.jpg\" alt=\"SeCatedralAveiro-SergioGutierrezGetino-d\" width=\"660\" height=\"370\" srcset=\"http:\/\/paroquiagloria.org\/v2\/wp-content\/uploads\/2013\/02\/SeCatedralAveiro-SergioGutierrezGetino-d.jpg 660w, http:\/\/paroquiagloria.org\/v2\/wp-content\/uploads\/2013\/02\/SeCatedralAveiro-SergioGutierrezGetino-d-300x168.jpg 300w\" sizes=\"(max-width: 660px) 100vw, 660px\" \/><\/a><\/p>\n<p><span style=\"color: #ff9900;\"><strong>O <u>hor\u00e1rio das Missas ao Domingo e \u00e0 semana<\/u> (n\u00e3o haver\u00e1 ainda missas quer em Santiago, quer em Vilar), na nossa Par\u00f3quia, ser\u00e1 retomado a partir do <u>dia 30 de Maio<\/u>, sempre com a observ\u00e2ncia das regras da Direc\u00e7\u00e3o Geral de Sa\u00fade, aprovadas pela Confer\u00eancia Episcopal Portuguesa.<\/strong><\/span><\/p>\n<p>&nbsp;<\/p>\n<ol>\n<li>Convidam-se <strong>fi\u00e9is pertencentes a grupos de risco<\/strong> a n\u00e3o frequentar a Missa dominical; por raz\u00f5es imperiosas, poder\u00e3o ir \u00e0 Missa durante a semana, em que h\u00e1 menos fi\u00e9is;<\/li>\n<li>\u00c9 <strong>obrigat\u00f3rio o uso de m\u00e1scara<\/strong>, a qual s\u00f3 dever\u00e1 ser retirada no momento da recep\u00e7\u00e3o da Comunh\u00e3o eucar\u00edstica;<\/li>\n<li>O acesso dos fi\u00e9is \u00e0s Missas dominicais, \u00e0s celebra\u00e7\u00f5es da Palavra e a outros actos de culto ser\u00e1 limitado no n\u00famero de participantes, de acordo com a dimens\u00e3o da igreja e as regras aplic\u00e1veis, pelas autoridades competentes, a todos os eventos em espa\u00e7os fechados;<\/li>\n<li>Deve respeitar-se a <strong>dist\u00e2ncia m\u00ednima de seguran\u00e7a<\/strong> entre participantes. A regra do distanciamento n\u00e3o se aplica a pessoas da mesma fam\u00edlia ou que vivam na mesma casa.<\/li>\n<li><strong>Os fi\u00e9is ocupam os lugares previstos<\/strong>, mantendo as dist\u00e2ncias estabelecidas, sob a supervis\u00e3o das pessoas a quem a comunidade crist\u00e3 confia esta tarefa. N\u00e3o se separam as fam\u00edlias ou os que vivem na mesma casa. As primeiras pessoas a entrar devem ocupar os lugares mais distantes da porta de entrada;<\/li>\n<li>O gesto de paz, que \u00e9 facultativo, continua suspenso;<\/li>\n<li><strong>Na prociss\u00e3o para a Comunh\u00e3o<\/strong>, os fi\u00e9is devem respeitar o distanciamento aconselhado;<\/li>\n<li>Continua a n\u00e3o se ministrar a comunh\u00e3o na boca e pelo c\u00e1lice;<\/li>\n<li>Os fi\u00e9is deixam a igreja, segundo uma ordem fixada em cada comunidade crist\u00e3 no respeito pelas regras de distanciamento, e n\u00e3o se aglomeram diante da igreja. <strong>As primeiras pessoas a sair devem ser as que est\u00e3o mais pr\u00f3ximas da porta de sa\u00edda;<\/strong><\/li>\n<li><strong>As igrejas podem estar abertas durante o dia<\/strong> para visitas individuais de ora\u00e7\u00e3o ou adora\u00e7\u00e3o ao Sant\u00edssimo Sacramento, desde que se observem os requisitos determinados pelas autoridades de sa\u00fade. Os fi\u00e9is abster-se-\u00e3o de tocar em qualquer imagem ou objecto expostos.<\/li>\n<\/ol>\n<p>&nbsp;<\/p>\n","protected":false},"excerpt":{"rendered":"<p>&nbsp; O hor\u00e1rio das Missas ao Domingo e \u00e0 semana (n\u00e3o haver\u00e1 ainda missas quer em Santiago, quer em Vilar), na nossa Par\u00f3quia, ser\u00e1 retomado a partir do dia 30 de Maio, sempre com a observ\u00e2ncia das regras da Direc\u00e7\u00e3o Geral de Sa\u00fade, aprovadas pela Confer\u00eancia Episcopal Portuguesa. &nbsp; Convidam-se fi\u00e9is pertencentes a grupos de [&hellip;]<\/p>\n","protected":false},"author":1,"featured_media":8649,"comment_status":"open","ping_status":"closed","sticky":false,"template":"","format":"standard","meta":{"ngg_post_thumbnail":0},"categories":[1,4,2,6,22],"tags":[],"_links":{"self":[{"href":"http:\/\/paroquiagloria.org\/v2\/index.php?rest_route=\/wp\/v2\/posts\/8653"}],"collection":[{"href":"http:\/\/paroquiagloria.org\/v2\/index.php?rest_route=\/wp\/v2\/posts"}],"about":[{"href":"http:\/\/paroquiagloria.org\/v2\/index.php?rest_route=\/wp\/v2\/types\/post"}],"author":[{"embeddable":true,"href":"http:\/\/paroquiagloria.org\/v2\/index.php?rest_route=\/wp\/v2\/users\/1"}],"replies":[{"embeddable":true,"href":"http:\/\/paroquiagloria.org\/v2\/index.php?rest_route=%2Fwp%2Fv2%2Fcomments&post=8653"}],"version-history":[{"count":5,"href":"http:\/\/paroquiagloria.org\/v2\/index.php?rest_route=\/wp\/v2\/posts\/8653\/revisions"}],"predecessor-version":[{"id":8660,"href":"http:\/\/paroquiagloria.org\/v2\/index.php?rest_route=\/wp\/v2\/posts\/8653\/revisions\/8660"}],"wp:featuredmedia":[{"embeddable":true,"href":"http:\/\/paroquiagloria.org\/v2\/index.php?rest_route=\/wp\/v2\/media\/8649"}],"wp:attachment":[{"href":"http:\/\/paroquiagloria.org\/v2\/index.php?rest_route=%2Fwp%2Fv2%2Fmedia&parent=8653"}],"wp:term":[{"taxonomy":"category","embeddable":true,"href":"http:\/\/paroquiagloria.org\/v2\/index.php?rest_route=%2Fwp%2Fv2%2Fcategories&post=8653"},{"taxonomy":"post_tag","embeddable":true,"href":"http:\/\/paroquiagloria.org\/v2\/index.php?rest_route=%2Fwp%2Fv2%2Ftags&post=8653"}],"curies":[{"name":"wp","href":"https:\/\/api.w.org\/{rel}","templated":true}]}}