{"id":8641,"date":"2020-05-17T17:24:06","date_gmt":"2020-05-17T17:24:06","guid":{"rendered":"http:\/\/paroquiagloria.org\/v2\/?p=8641"},"modified":"2020-05-17T17:24:06","modified_gmt":"2020-05-17T17:24:06","slug":"orientacoes-para-a-celebracao-do-culto-publico","status":"publish","type":"post","link":"http:\/\/paroquiagloria.org\/v2\/?p=8641","title":{"rendered":"Orienta\u00e7\u00f5es para a celebra\u00e7\u00e3o do Culto p\u00fablico"},"content":{"rendered":"<p style=\"text-align: center;\"><a href=\"http:\/\/paroquiagloria.org\/v2\/wp-content\/uploads\/2020\/03\/CEP.jpg\"><img loading=\"lazy\" class=\"alignnone size-full wp-image-8490\" src=\"http:\/\/paroquiagloria.org\/v2\/wp-content\/uploads\/2020\/03\/CEP.jpg\" alt=\"CEP\" width=\"447\" height=\"149\" srcset=\"http:\/\/paroquiagloria.org\/v2\/wp-content\/uploads\/2020\/03\/CEP.jpg 447w, http:\/\/paroquiagloria.org\/v2\/wp-content\/uploads\/2020\/03\/CEP-300x100.jpg 300w\" sizes=\"(max-width: 447px) 100vw, 447px\" \/><\/a><\/p>\n<p>&nbsp;<\/p>\n<p>(\u2026) Ao mesmo tempo que se retoma a participa\u00e7\u00e3o comunit\u00e1ria na Liturgia, h\u00e1 que garantir a protec\u00e7\u00e3o contra a infec\u00e7\u00e3o. Por isso, a CEP convida todos os fi\u00e9is a fazerem por si pr\u00f3prios todos os poss\u00edveis para limitar esta pandemia e prop\u00f5e algumas medidas de protec\u00e7\u00e3o que dimanam da caridade fraterna. (\u2026)<\/p>\n<ol>\n<li>Na impossibilidade de cumprir presencialmente o preceito dominical, convida-se \u00e0 leitura orante da Palavra de Deus e \u00e0 ora\u00e7\u00e3o em casa, aproveitando-se a transmiss\u00e3o medi\u00e1tica das celebra\u00e7\u00f5es, tamb\u00e9m dispon\u00edvel para os que n\u00e3o podem ir \u00e0 igreja por raz\u00f5es de sa\u00fade ou idade.<\/li>\n<li>Pede-se aos fi\u00e9is que est\u00e3o ou se sentem doentes que n\u00e3o v\u00e3o \u00e0 Missa. No respeito pelas directivas das autoridades de sa\u00fade, poder\u00e3o receber a comunh\u00e3o em suas casas recorrendo ao servi\u00e7o dos MECs, logo que poss\u00edvel, devendo observar as mesmas regras de higieniza\u00e7\u00e3o da Comunh\u00e3o na Missa dominical.<\/li>\n<li>Convidam-se fi\u00e9is pertencentes a grupos de risco a n\u00e3o frequentar a Missa dominical; por raz\u00f5es imperiosas, poder\u00e3o ir \u00e0 Missa durante a semana, em que h\u00e1 menos fi\u00e9is. (\u2026)<\/li>\n<li>Os fi\u00e9is devem higienizar as m\u00e3os \u00e0 entrada da igreja com um produto desinfectante.<\/li>\n<li>\u00c9 obrigat\u00f3rio o uso de m\u00e1scara, a qual s\u00f3 dever\u00e1 ser retirada no momento da recep\u00e7\u00e3o da Comunh\u00e3o eucar\u00edstica.<\/li>\n<li>O acesso dos fi\u00e9is (\u2026) ser\u00e1 limitado no n\u00famero de participantes, de acordo com a dimens\u00e3o da igreja e as regras aplic\u00e1veis (\u2026)<\/li>\n<\/ol>\n<p>&nbsp;<\/p>\n<p>Encontra <a href=\"http:\/\/www.diocese-aveiro.pt\/v2\/?p=19359\" target=\"_blank\">AQUI\u00a0 <\/a>o texto completo<\/p>\n","protected":false},"excerpt":{"rendered":"<p>&nbsp; (\u2026) Ao mesmo tempo que se retoma a participa\u00e7\u00e3o comunit\u00e1ria na Liturgia, h\u00e1 que garantir a protec\u00e7\u00e3o contra a infec\u00e7\u00e3o. Por isso, a CEP convida todos os fi\u00e9is a fazerem por si pr\u00f3prios todos os poss\u00edveis para limitar esta pandemia e prop\u00f5e algumas medidas de protec\u00e7\u00e3o que dimanam da caridade fraterna. (\u2026) Na impossibilidade [&hellip;]<\/p>\n","protected":false},"author":1,"featured_media":8532,"comment_status":"open","ping_status":"closed","sticky":false,"template":"","format":"standard","meta":{"ngg_post_thumbnail":0},"categories":[1,4,2,6,22],"tags":[],"_links":{"self":[{"href":"http:\/\/paroquiagloria.org\/v2\/index.php?rest_route=\/wp\/v2\/posts\/8641"}],"collection":[{"href":"http:\/\/paroquiagloria.org\/v2\/index.php?rest_route=\/wp\/v2\/posts"}],"about":[{"href":"http:\/\/paroquiagloria.org\/v2\/index.php?rest_route=\/wp\/v2\/types\/post"}],"author":[{"embeddable":true,"href":"http:\/\/paroquiagloria.org\/v2\/index.php?rest_route=\/wp\/v2\/users\/1"}],"replies":[{"embeddable":true,"href":"http:\/\/paroquiagloria.org\/v2\/index.php?rest_route=%2Fwp%2Fv2%2Fcomments&post=8641"}],"version-history":[{"count":1,"href":"http:\/\/paroquiagloria.org\/v2\/index.php?rest_route=\/wp\/v2\/posts\/8641\/revisions"}],"predecessor-version":[{"id":8642,"href":"http:\/\/paroquiagloria.org\/v2\/index.php?rest_route=\/wp\/v2\/posts\/8641\/revisions\/8642"}],"wp:featuredmedia":[{"embeddable":true,"href":"http:\/\/paroquiagloria.org\/v2\/index.php?rest_route=\/wp\/v2\/media\/8532"}],"wp:attachment":[{"href":"http:\/\/paroquiagloria.org\/v2\/index.php?rest_route=%2Fwp%2Fv2%2Fmedia&parent=8641"}],"wp:term":[{"taxonomy":"category","embeddable":true,"href":"http:\/\/paroquiagloria.org\/v2\/index.php?rest_route=%2Fwp%2Fv2%2Fcategories&post=8641"},{"taxonomy":"post_tag","embeddable":true,"href":"http:\/\/paroquiagloria.org\/v2\/index.php?rest_route=%2Fwp%2Fv2%2Ftags&post=8641"}],"curies":[{"name":"wp","href":"https:\/\/api.w.org\/{rel}","templated":true}]}}