{"id":8633,"date":"2020-05-10T00:14:34","date_gmt":"2020-05-10T00:14:34","guid":{"rendered":"http:\/\/paroquiagloria.org\/v2\/?p=8633"},"modified":"2020-05-10T00:19:25","modified_gmt":"2020-05-10T00:19:25","slug":"programa-em-3-palavras","status":"publish","type":"post","link":"http:\/\/paroquiagloria.org\/v2\/?p=8633","title":{"rendered":"Programa em 3 palavras !"},"content":{"rendered":"<p>&nbsp;<\/p>\n<p><a href=\"http:\/\/paroquiagloria.org\/v2\/wp-content\/uploads\/2020\/05\/5dp_A.jpg\"><img loading=\"lazy\" class=\"size-full wp-image-8635 aligncenter\" src=\"http:\/\/paroquiagloria.org\/v2\/wp-content\/uploads\/2020\/05\/5dp_A.jpg\" alt=\"5dp_A\" width=\"907\" height=\"722\" srcset=\"http:\/\/paroquiagloria.org\/v2\/wp-content\/uploads\/2020\/05\/5dp_A.jpg 907w, http:\/\/paroquiagloria.org\/v2\/wp-content\/uploads\/2020\/05\/5dp_A-300x239.jpg 300w\" sizes=\"(max-width: 907px) 100vw, 907px\" \/><\/a><\/p>\n<p>&nbsp;<\/p>\n<p style=\"text-align: justify;\">Este \u00e9 o 5\u00b0 Domingo do Tempo Pascal e Jesus continua a escolher o domingo para se encontrar com os disc\u00edpulos. Era, na verdade, necess\u00e1rio recuper\u00e1-los, refrescar-lhes a mem\u00f3ria, consolid\u00e1-los na unidade&#8230; e disp\u00f4-los para a miss\u00e3o.<\/p>\n<p style=\"text-align: justify;\">Sempre atento, Jesus j\u00e1 n\u00e3o v\u00ea nos olhos dos disc\u00edpulos sinais de medo ou sombra de d\u00favidas, mas era indisfar\u00e7\u00e1vel um certo desconforto, pois, em rela\u00e7\u00e3o ao futuro, n\u00e3o se falava de um gui\u00e3o, de uma esp\u00e9cie de manual de instru\u00e7\u00f5es, um &#8220;plano pastoral&#8221;&#8230;<\/p>\n<p style=\"text-align: justify;\">A resposta de Jesus n\u00e3o se fez esperar, com palavras proferidas na \u00faltima ceia: <em>&#8220;N\u00e3o se perturbe o vosso cora\u00e7\u00e3o&#8230; Em casa de meu Pai h\u00e1 muitas moradas&#8230; Vou preparar-vos um lugar&#8221;<\/em>. Para Tom\u00e9, por\u00e9m, era preciso mais, e \u00e0 pergunta: <em>&#8220;Senhor, n\u00e3o sabemos para onde vais: como podemos conhecer o caminho&#8221;<\/em>, Jesus responde: <em>&#8220;Eu sou o caminho, a verdade e a vida&#8221;<\/em>.<\/p>\n<p style=\"text-align: justify;\">Tr\u00eas palavras. Apenas. Sem alternativa. Certamente n\u00e3o compreendidas em pleno por Tom\u00e9 e seus companheiros, ficam para a hist\u00f3ria como afirma\u00e7\u00e3o solene de que ningu\u00e9m pode ser perfeitamente feliz, sem passar por Jesus.<\/p>\n<p style=\"text-align: justify;\">Para sermos felizes, n\u00e3o precisamos de mapas de estrada, manuais de instru\u00e7\u00f5es ou planos de pastoral&#8230; O que verdadeiramente todos precisamos \u00e9 de aprender com Jesus o seu jeito de amar e servir. Sempre. Mesmo que doa.<\/p>\n<p style=\"text-align: right;\"><em>P. Fausto<\/em><\/p>\n<p style=\"text-align: right;\"><em>in<\/em> Di\u00e1logo n.\u00ba 1698 (V Domingo da P\u00e1scoa &#8211; Ano A)<\/p>\n<p style=\"text-align: justify;\">\n","protected":false},"excerpt":{"rendered":"<p>&nbsp; &nbsp; Este \u00e9 o 5\u00b0 Domingo do Tempo Pascal e Jesus continua a escolher o domingo para se encontrar com os disc\u00edpulos. Era, na verdade, necess\u00e1rio recuper\u00e1-los, refrescar-lhes a mem\u00f3ria, consolid\u00e1-los na unidade&#8230; e disp\u00f4-los para a miss\u00e3o. Sempre atento, Jesus j\u00e1 n\u00e3o v\u00ea nos olhos dos disc\u00edpulos sinais de medo ou sombra de [&hellip;]<\/p>\n","protected":false},"author":1,"featured_media":8634,"comment_status":"open","ping_status":"closed","sticky":false,"template":"","format":"standard","meta":{"ngg_post_thumbnail":0},"categories":[1,4,2,6,17],"tags":[],"_links":{"self":[{"href":"http:\/\/paroquiagloria.org\/v2\/index.php?rest_route=\/wp\/v2\/posts\/8633"}],"collection":[{"href":"http:\/\/paroquiagloria.org\/v2\/index.php?rest_route=\/wp\/v2\/posts"}],"about":[{"href":"http:\/\/paroquiagloria.org\/v2\/index.php?rest_route=\/wp\/v2\/types\/post"}],"author":[{"embeddable":true,"href":"http:\/\/paroquiagloria.org\/v2\/index.php?rest_route=\/wp\/v2\/users\/1"}],"replies":[{"embeddable":true,"href":"http:\/\/paroquiagloria.org\/v2\/index.php?rest_route=%2Fwp%2Fv2%2Fcomments&post=8633"}],"version-history":[{"count":1,"href":"http:\/\/paroquiagloria.org\/v2\/index.php?rest_route=\/wp\/v2\/posts\/8633\/revisions"}],"predecessor-version":[{"id":8636,"href":"http:\/\/paroquiagloria.org\/v2\/index.php?rest_route=\/wp\/v2\/posts\/8633\/revisions\/8636"}],"wp:featuredmedia":[{"embeddable":true,"href":"http:\/\/paroquiagloria.org\/v2\/index.php?rest_route=\/wp\/v2\/media\/8634"}],"wp:attachment":[{"href":"http:\/\/paroquiagloria.org\/v2\/index.php?rest_route=%2Fwp%2Fv2%2Fmedia&parent=8633"}],"wp:term":[{"taxonomy":"category","embeddable":true,"href":"http:\/\/paroquiagloria.org\/v2\/index.php?rest_route=%2Fwp%2Fv2%2Fcategories&post=8633"},{"taxonomy":"post_tag","embeddable":true,"href":"http:\/\/paroquiagloria.org\/v2\/index.php?rest_route=%2Fwp%2Fv2%2Ftags&post=8633"}],"curies":[{"name":"wp","href":"https:\/\/api.w.org\/{rel}","templated":true}]}}