{"id":8627,"date":"2020-05-10T00:09:25","date_gmt":"2020-05-10T00:09:25","guid":{"rendered":"http:\/\/paroquiagloria.org\/v2\/?p=8627"},"modified":"2020-05-10T00:09:59","modified_gmt":"2020-05-10T00:09:59","slug":"festa-da-padroeira-6","status":"publish","type":"post","link":"http:\/\/paroquiagloria.org\/v2\/?p=8627","title":{"rendered":"Festa da Padroeira"},"content":{"rendered":"<h1 class=\"title\">Solenidade da Princesa Santa Joana<\/h1>\n<p><a href=\"http:\/\/paroquiagloria.org\/v2\/wp-content\/uploads\/2020\/05\/SantaJoana_banner2020.jpg\"><img loading=\"lazy\" class=\"size-large wp-image-8630 aligncenter\" src=\"http:\/\/paroquiagloria.org\/v2\/wp-content\/uploads\/2020\/05\/SantaJoana_banner2020-1024x380.jpg\" alt=\"SantaJoana_banner2020\" width=\"1024\" height=\"380\" srcset=\"http:\/\/paroquiagloria.org\/v2\/wp-content\/uploads\/2020\/05\/SantaJoana_banner2020-1024x380.jpg 1024w, http:\/\/paroquiagloria.org\/v2\/wp-content\/uploads\/2020\/05\/SantaJoana_banner2020-300x111.jpg 300w\" sizes=\"(max-width: 1024px) 100vw, 1024px\" \/><\/a><\/p>\n<p>Este ano, no contexto da pandemia que\u00a0vivemos,\u00a0 celebraremos Santa Joana,\u00a0Padroeira da Cidade e da Diocese,\u00a0com Eucaristia, na S\u00e9, dia 12 de maio, pelas 10h30. A missa, presidida por D. Ant\u00f3nio Moiteiro,\u00a0 decorrer\u00e1 \u00e0 porta fechada,\u00a0com transmiss\u00e3o em directo no canal youtube da\u00a0Diocese de Aveiro.<\/p>\n<p>Ap\u00f3s a Eucaristia, junto do T\u00famulo de Santa Joana, haver\u00e1 um tempo de sil\u00eancio e ser\u00e1 rezada a Ora\u00e7\u00e3o pro-Canoniza\u00e7\u00e3o. Apesar da impossibilidade de estarmos fisicamente presentes na Missa e de realizarmos a Prociss\u00e3o, \u00e0 tarde, n\u00e3o deixemos de celebrar interiormente a festa da nossa Padroeira, unindo-nos a estes momentos celebrativos, certos da compreens\u00e3o e uni\u00e3o de todos.<\/p>\n<p style=\"text-align: right;\"><em>fonte: <a href=\"http:\/\/www.diocese-aveiro.pt\/v2\/?p=19342\" target=\"_blank\">Diocese de Aveiro<\/a><\/em><\/p>\n<p>________________________<\/p>\n<p>Em termos Paroquiais \u00e9\u00a0uma festa que, \u00e9 muito querida e que sempre nos mereceu empenho e dedica\u00e7\u00e3o.<\/p>\n<div>Este ano, escusado ser\u00e1 dizer, n\u00e3o poderemos celebrar da mesma forma, a Festa de Santa Joana, por\u00e9m, tendo, eventualmente, a possibilidade estar mais dispon\u00edvel para a ora\u00e7\u00e3o, a celebra\u00e7\u00e3o da liturgia das horas d\u00e1-nos uma oportunidade de nos debru\u00e7armos mais sobre os textos das\u00a0<i>Virgens Santas.<\/i><\/div>\n<div><i>\u00a0<\/i><\/div>\n<div>Apresentamo-vos\u00a0um <a href=\"https:\/\/drive.google.com\/open?id=1aQtGeEnzno4gyZA8x0KD09xrJcc4e0a0\" target=\"_blank\">GUI\u00c3O<\/a> para as Laudes do dia 12 de Maio, que, apesar de ser Ter\u00e7a-feira da Semana V da P\u00e1scoa, \u00e9, na diocese de Aveiro, celebrada como Solenidade na Cidade e como festa em todas as par\u00f3quias da diocese.<\/div>\n<div><\/div>\n<div><\/div>\n<div>Esperamos que este subs\u00eddio nos ajude todos a celebrar melhor a vida da nossa padroeira e a pedir melhor ao Senhor a gra\u00e7a da sua canoniza\u00e7\u00e3o.<\/div>\n","protected":false},"excerpt":{"rendered":"<p>Solenidade da Princesa Santa Joana Este ano, no contexto da pandemia que\u00a0vivemos,\u00a0 celebraremos Santa Joana,\u00a0Padroeira da Cidade e da Diocese,\u00a0com Eucaristia, na S\u00e9, dia 12 de maio, pelas 10h30. A missa, presidida por D. Ant\u00f3nio Moiteiro,\u00a0 decorrer\u00e1 \u00e0 porta fechada,\u00a0com transmiss\u00e3o em directo no canal youtube da\u00a0Diocese de Aveiro. Ap\u00f3s a Eucaristia, junto do T\u00famulo [&hellip;]<\/p>\n","protected":false},"author":1,"featured_media":8629,"comment_status":"open","ping_status":"closed","sticky":false,"template":"","format":"standard","meta":{"ngg_post_thumbnail":0},"categories":[1,4,2,6,22],"tags":[],"_links":{"self":[{"href":"http:\/\/paroquiagloria.org\/v2\/index.php?rest_route=\/wp\/v2\/posts\/8627"}],"collection":[{"href":"http:\/\/paroquiagloria.org\/v2\/index.php?rest_route=\/wp\/v2\/posts"}],"about":[{"href":"http:\/\/paroquiagloria.org\/v2\/index.php?rest_route=\/wp\/v2\/types\/post"}],"author":[{"embeddable":true,"href":"http:\/\/paroquiagloria.org\/v2\/index.php?rest_route=\/wp\/v2\/users\/1"}],"replies":[{"embeddable":true,"href":"http:\/\/paroquiagloria.org\/v2\/index.php?rest_route=%2Fwp%2Fv2%2Fcomments&post=8627"}],"version-history":[{"count":3,"href":"http:\/\/paroquiagloria.org\/v2\/index.php?rest_route=\/wp\/v2\/posts\/8627\/revisions"}],"predecessor-version":[{"id":8632,"href":"http:\/\/paroquiagloria.org\/v2\/index.php?rest_route=\/wp\/v2\/posts\/8627\/revisions\/8632"}],"wp:featuredmedia":[{"embeddable":true,"href":"http:\/\/paroquiagloria.org\/v2\/index.php?rest_route=\/wp\/v2\/media\/8629"}],"wp:attachment":[{"href":"http:\/\/paroquiagloria.org\/v2\/index.php?rest_route=%2Fwp%2Fv2%2Fmedia&parent=8627"}],"wp:term":[{"taxonomy":"category","embeddable":true,"href":"http:\/\/paroquiagloria.org\/v2\/index.php?rest_route=%2Fwp%2Fv2%2Fcategories&post=8627"},{"taxonomy":"post_tag","embeddable":true,"href":"http:\/\/paroquiagloria.org\/v2\/index.php?rest_route=%2Fwp%2Fv2%2Ftags&post=8627"}],"curies":[{"name":"wp","href":"https:\/\/api.w.org\/{rel}","templated":true}]}}