{"id":8620,"date":"2020-05-09T23:47:19","date_gmt":"2020-05-09T23:47:19","guid":{"rendered":"http:\/\/paroquiagloria.org\/v2\/?p=8620"},"modified":"2020-05-10T00:24:02","modified_gmt":"2020-05-10T00:24:02","slug":"semana-da-vida-5","status":"publish","type":"post","link":"http:\/\/paroquiagloria.org\/v2\/?p=8620","title":{"rendered":"Semana da Vida"},"content":{"rendered":"<h3>fragilidade que humaniza<\/h3>\n<p>&nbsp;<\/p>\n<p><a href=\"http:\/\/paroquiagloria.org\/v2\/wp-content\/uploads\/2020\/05\/small_SemVida2020_Cartaz.jpg\"><img loading=\"lazy\" class=\"size-full wp-image-8622 aligncenter\" src=\"http:\/\/paroquiagloria.org\/v2\/wp-content\/uploads\/2020\/05\/small_SemVida2020_Cartaz.jpg\" alt=\"small_SemVida2020_Cartaz\" width=\"716\" height=\"1007\" srcset=\"http:\/\/paroquiagloria.org\/v2\/wp-content\/uploads\/2020\/05\/small_SemVida2020_Cartaz.jpg 716w, http:\/\/paroquiagloria.org\/v2\/wp-content\/uploads\/2020\/05\/small_SemVida2020_Cartaz-213x300.jpg 213w\" sizes=\"(max-width: 716px) 100vw, 716px\" \/><\/a><\/p>\n<p>&nbsp;<\/p>\n<p>&nbsp;<\/p>\n<p><strong>&#8220;A fragilidade que humaniza a vida&#8221; <\/strong>\u00e9 o tema da Semana da Vida de 2020, que tem lugar de 10 a 17 de Maio. O Departamento Nacional da Pastoral Familiar j\u00e1 disponibilizou os materiais para a edi\u00e7\u00e3o deste ano.<\/p>\n<p>O tema &#8220;diz muito neste contexto em que sentimos t\u00e3o intensamente a nossa fragilidade e vivemos, gratamente, o modo como tantos se debatem para cuidar da fragilidade de outros&#8221;.<\/p>\n<p>Para colmatar o facto de n\u00e3o ser poss\u00edvel levar a cabo eventos presenciais, a Pastoral Familiar Nacional sugere a ora\u00e7\u00e3o em casa e em fam\u00edlia, num esp\u00edrito de igreja dom\u00e9stica.<\/p>\n<p>Importante \u00e9 tamb\u00e9m o <strong>dia 15 de Maio \u2013 Dia Internacional da Fam\u00edlia<\/strong> \u2013 em que, <strong>\u00e0s 21 horas<\/strong>, se sugere uma ora\u00e7\u00e3o em uni\u00e3o atrav\u00e9s da p\u00e1gina de Facebook da Ecclesia (<a href=\"https:\/\/www.facebook.com\/agenciaecclesia\/\" target=\"_blank\">https:\/\/www.facebook.com\/agenciaecclesia\/<\/a>).<\/p>\n<p>Toda a documenta\u00e7\u00e3o para a Semana da Vida pode ser consultada em <a href=\"http:\/\/www.leigos.pt\" target=\"_blank\">www.leigos.pt<\/a><\/p>\n<p>&nbsp;<\/p>\n<p>&nbsp;<\/p>\n<h1 style=\"padding-left: 150px;\">ORA\u00c7\u00c3O PELA VIDA<\/h1>\n<p style=\"padding-left: 150px;\">\u00d3 Maria,<br \/>\naurora do mundo novo,<br \/>\nM\u00e3e dos viventes,<br \/>\nconfiamo-Vos a causa da vida:<br \/>\nolhai, M\u00e3e,<br \/>\npara o n\u00famero sem fim<br \/>\nde crian\u00e7as a quem \u00e9 impedido nascer,<br \/>\nde pobres para quem se torna dif\u00edcil viver,<br \/>\nde homens e mulheres<br \/>\nv\u00edtimas de inumana viol\u00eancia,<br \/>\nde idosos e doentes assassinados<br \/>\npela indiferen\u00e7a<br \/>\nou por uma suposta compaix\u00e3o.<br \/>\nFazei com que todos aqueles que cr\u00eaem<br \/>\nno vosso Filho<br \/>\nsaibam anunciar com desassombro e amor<br \/>\naos homens do nosso tempo<br \/>\no Evangelho da vida.<br \/>\nAlcan\u00e7ai-lhes a gra\u00e7a de O acolher<br \/>\ncomo um dom sempre novo,<br \/>\na alegria de O celebrar com gratid\u00e3o<br \/>\nem toda a sua exist\u00eancia,<br \/>\ne a coragem para O testemunhar<br \/>\ncom laboriosa tenacidade,<br \/>\npara constru\u00edrem,<br \/>\njuntamente com todos os homens<br \/>\nde boa vontade,<br \/>\na civiliza\u00e7\u00e3o da verdade e do amor,<br \/>\npara louvor e gl\u00f3ria de Deus Criador<br \/>\ne amante da vida.<\/p>\n<p style=\"text-align: right;\"><em>S. Jo\u00e3o Paulo II, Evangelium Vitae, n.\u00ba 105<\/em><\/p>\n","protected":false},"excerpt":{"rendered":"<p>fragilidade que humaniza &nbsp; &nbsp; &nbsp; &#8220;A fragilidade que humaniza a vida&#8221; \u00e9 o tema da Semana da Vida de 2020, que tem lugar de 10 a 17 de Maio. O Departamento Nacional da Pastoral Familiar j\u00e1 disponibilizou os materiais para a edi\u00e7\u00e3o deste ano. O tema &#8220;diz muito neste contexto em que sentimos t\u00e3o [&hellip;]<\/p>\n","protected":false},"author":1,"featured_media":8621,"comment_status":"open","ping_status":"closed","sticky":false,"template":"","format":"standard","meta":{"ngg_post_thumbnail":0},"categories":[1,4,2,6,22],"tags":[],"_links":{"self":[{"href":"http:\/\/paroquiagloria.org\/v2\/index.php?rest_route=\/wp\/v2\/posts\/8620"}],"collection":[{"href":"http:\/\/paroquiagloria.org\/v2\/index.php?rest_route=\/wp\/v2\/posts"}],"about":[{"href":"http:\/\/paroquiagloria.org\/v2\/index.php?rest_route=\/wp\/v2\/types\/post"}],"author":[{"embeddable":true,"href":"http:\/\/paroquiagloria.org\/v2\/index.php?rest_route=\/wp\/v2\/users\/1"}],"replies":[{"embeddable":true,"href":"http:\/\/paroquiagloria.org\/v2\/index.php?rest_route=%2Fwp%2Fv2%2Fcomments&post=8620"}],"version-history":[{"count":2,"href":"http:\/\/paroquiagloria.org\/v2\/index.php?rest_route=\/wp\/v2\/posts\/8620\/revisions"}],"predecessor-version":[{"id":8637,"href":"http:\/\/paroquiagloria.org\/v2\/index.php?rest_route=\/wp\/v2\/posts\/8620\/revisions\/8637"}],"wp:featuredmedia":[{"embeddable":true,"href":"http:\/\/paroquiagloria.org\/v2\/index.php?rest_route=\/wp\/v2\/media\/8621"}],"wp:attachment":[{"href":"http:\/\/paroquiagloria.org\/v2\/index.php?rest_route=%2Fwp%2Fv2%2Fmedia&parent=8620"}],"wp:term":[{"taxonomy":"category","embeddable":true,"href":"http:\/\/paroquiagloria.org\/v2\/index.php?rest_route=%2Fwp%2Fv2%2Fcategories&post=8620"},{"taxonomy":"post_tag","embeddable":true,"href":"http:\/\/paroquiagloria.org\/v2\/index.php?rest_route=%2Fwp%2Fv2%2Ftags&post=8620"}],"curies":[{"name":"wp","href":"https:\/\/api.w.org\/{rel}","templated":true}]}}