{"id":8616,"date":"2020-05-03T14:50:39","date_gmt":"2020-05-03T14:50:39","guid":{"rendered":"http:\/\/paroquiagloria.org\/v2\/?p=8616"},"modified":"2020-05-09T23:33:48","modified_gmt":"2020-05-09T23:33:48","slug":"viver-para-servir","status":"publish","type":"post","link":"http:\/\/paroquiagloria.org\/v2\/?p=8616","title":{"rendered":"Viver para Servir"},"content":{"rendered":"<p><a href=\"http:\/\/paroquiagloria.org\/v2\/wp-content\/uploads\/2013\/02\/4dp_A.jpg\"><img loading=\"lazy\" class=\"size-full wp-image-8590 aligncenter\" src=\"http:\/\/paroquiagloria.org\/v2\/wp-content\/uploads\/2013\/02\/4dp_A.jpg\" alt=\"4dp_A\" width=\"552\" height=\"781\" srcset=\"http:\/\/paroquiagloria.org\/v2\/wp-content\/uploads\/2013\/02\/4dp_A.jpg 552w, http:\/\/paroquiagloria.org\/v2\/wp-content\/uploads\/2013\/02\/4dp_A-212x300.jpg 212w\" sizes=\"(max-width: 552px) 100vw, 552px\" \/><\/a><\/p>\n<p>&nbsp;<\/p>\n<p>&nbsp;<\/p>\n<p style=\"text-align: justify;\">Os disc\u00edpulos, inicialmente tolhidos pelo medo e depois perplexos e incr\u00e9dulos, j\u00e1 aguardam com naturalidade a visita dominical que o Mestre lhes faz, depois da Ressurrei\u00e7\u00e3o. E este \u00e9 j\u00e1 o quarto domingo.<\/p>\n<p style=\"text-align: justify;\">J\u00e1 ningu\u00e9m tem d\u00favidas sobre o que aconteceu na noite daquele <em>&#8220;primeiro dia da semana&#8221;<\/em>, mas em rela\u00e7\u00e3o ao futuro as certezas s\u00e3o poucas. Sempre atento, a preocupa\u00e7\u00e3o de Jesus parece agora centrar-se em proporcionar aos disc\u00edpulos aquele grau de confian\u00e7a e seguran\u00e7a interior que d\u00e1 a estabilidade e liberdade necess\u00e1rias \u00e0 miss\u00e3o. Da\u00ed a catequese deste domingo ser a do Bom Pastor.<\/p>\n<p style=\"text-align: justify;\">Como ent\u00e3o, tamb\u00e9m hoje precisamos de ouvir esta catequese. Porventura, n\u00e3o \u00e9 incerto o nosso futuro e inseguro o presente? Apesar dos avan\u00e7os da ci\u00eancia e da t\u00e9cnica, n\u00e3o continuamos pequenos e vulner\u00e1veis face \u00e0s arremetidas de um v\u00edrus? Quem imaginava h\u00e1 uns meses atr\u00e1s a situa\u00e7\u00e3o actual em que se encontra a humanidade?<\/p>\n<p style=\"text-align: justify;\">No meio de tudo isto, como \u00e9 bom ouvir da boca de Jesus: <em>&#8220;Eu Sou o Bom Pastor&#8230; Conhe\u00e7o as minhas ovelhas&#8230; Eu vim para que as minhas ovelhas tenham vida e a tenham em abund\u00e2ncia&#8230;&#8221;<\/em><\/p>\n<p style=\"text-align: justify;\">Vida para todas e n\u00e3o apenas para algumas. E n\u00e3o apenas vida com aquele m\u00ednimo sem o qual n\u00e3o h\u00e1 qualidade de vida, mas vida a jorros. Estas palavras, n\u00e3o fazendo parte de um qualquer discurso de circunst\u00e2ncia ou de homilia de pregador inflamado, s\u00e3o palavras proferidas por quem ama desmedidamente cada uma e todas as ovelhas, s\u00e3o palavras de quem, livremente e com autoridade, continua a dizer hoje, e pelos s\u00e9culos fora, que a vida s\u00f3 presta se for vivida generosamente ao servi\u00e7o dos outros.<\/p>\n<p style=\"text-align: right;\"><em>P. Fausto<\/em><\/p>\n<p style=\"text-align: right;\"><em>in<\/em> Di\u00e1logo 1697 (IV Domingo da P\u00e1scoa (Domingo do Bom Pastor) &#8211; Ano A)<\/p>\n","protected":false},"excerpt":{"rendered":"<p>&nbsp; &nbsp; Os disc\u00edpulos, inicialmente tolhidos pelo medo e depois perplexos e incr\u00e9dulos, j\u00e1 aguardam com naturalidade a visita dominical que o Mestre lhes faz, depois da Ressurrei\u00e7\u00e3o. E este \u00e9 j\u00e1 o quarto domingo. J\u00e1 ningu\u00e9m tem d\u00favidas sobre o que aconteceu na noite daquele &#8220;primeiro dia da semana&#8221;, mas em rela\u00e7\u00e3o ao futuro [&hellip;]<\/p>\n","protected":false},"author":1,"featured_media":8592,"comment_status":"open","ping_status":"closed","sticky":false,"template":"","format":"standard","meta":{"ngg_post_thumbnail":0},"categories":[1,4,2,6,17],"tags":[],"_links":{"self":[{"href":"http:\/\/paroquiagloria.org\/v2\/index.php?rest_route=\/wp\/v2\/posts\/8616"}],"collection":[{"href":"http:\/\/paroquiagloria.org\/v2\/index.php?rest_route=\/wp\/v2\/posts"}],"about":[{"href":"http:\/\/paroquiagloria.org\/v2\/index.php?rest_route=\/wp\/v2\/types\/post"}],"author":[{"embeddable":true,"href":"http:\/\/paroquiagloria.org\/v2\/index.php?rest_route=\/wp\/v2\/users\/1"}],"replies":[{"embeddable":true,"href":"http:\/\/paroquiagloria.org\/v2\/index.php?rest_route=%2Fwp%2Fv2%2Fcomments&post=8616"}],"version-history":[{"count":1,"href":"http:\/\/paroquiagloria.org\/v2\/index.php?rest_route=\/wp\/v2\/posts\/8616\/revisions"}],"predecessor-version":[{"id":8617,"href":"http:\/\/paroquiagloria.org\/v2\/index.php?rest_route=\/wp\/v2\/posts\/8616\/revisions\/8617"}],"wp:featuredmedia":[{"embeddable":true,"href":"http:\/\/paroquiagloria.org\/v2\/index.php?rest_route=\/wp\/v2\/media\/8592"}],"wp:attachment":[{"href":"http:\/\/paroquiagloria.org\/v2\/index.php?rest_route=%2Fwp%2Fv2%2Fmedia&parent=8616"}],"wp:term":[{"taxonomy":"category","embeddable":true,"href":"http:\/\/paroquiagloria.org\/v2\/index.php?rest_route=%2Fwp%2Fv2%2Fcategories&post=8616"},{"taxonomy":"post_tag","embeddable":true,"href":"http:\/\/paroquiagloria.org\/v2\/index.php?rest_route=%2Fwp%2Fv2%2Ftags&post=8616"}],"curies":[{"name":"wp","href":"https:\/\/api.w.org\/{rel}","templated":true}]}}