{"id":8614,"date":"2020-05-03T14:47:49","date_gmt":"2020-05-03T14:47:49","guid":{"rendered":"http:\/\/paroquiagloria.org\/v2\/?p=8614"},"modified":"2020-05-03T14:48:49","modified_gmt":"2020-05-03T14:48:49","slug":"proposta-de-vivencia-do-mes-de-maio","status":"publish","type":"post","link":"http:\/\/paroquiagloria.org\/v2\/?p=8614","title":{"rendered":"Proposta de viv\u00eancia do M\u00eas de Maio"},"content":{"rendered":"<p><a href=\"http:\/\/paroquiagloria.org\/v2\/wp-content\/uploads\/2013\/02\/Maio_terco2020.jpg\"><img loading=\"lazy\" class=\"size-full wp-image-8600 aligncenter\" src=\"http:\/\/paroquiagloria.org\/v2\/wp-content\/uploads\/2013\/02\/Maio_terco2020.jpg\" alt=\"Maio_terco2020\" width=\"628\" height=\"630\" srcset=\"http:\/\/paroquiagloria.org\/v2\/wp-content\/uploads\/2013\/02\/Maio_terco2020.jpg 628w, http:\/\/paroquiagloria.org\/v2\/wp-content\/uploads\/2013\/02\/Maio_terco2020-150x150.jpg 150w, http:\/\/paroquiagloria.org\/v2\/wp-content\/uploads\/2013\/02\/Maio_terco2020-300x300.jpg 300w, http:\/\/paroquiagloria.org\/v2\/wp-content\/uploads\/2013\/02\/Maio_terco2020-185x185.jpg 185w, http:\/\/paroquiagloria.org\/v2\/wp-content\/uploads\/2013\/02\/Maio_terco2020-184x184.jpg 184w\" sizes=\"(max-width: 628px) 100vw, 628px\" \/><\/a><\/p>\n<p>&nbsp;<\/p>\n<p>O Departamento da Catequese da Inf\u00e2ncia partilha o desafio que foi proposto para o arciprestado de Estarreja-Murtosa, por forma a alargar a iniciativa a toda a Diocese pretendendo chegar \u00e0 maior parte dos lares e fam\u00edlias Diocesanas.<\/p>\n<p>Neste M\u00eas, \u00e9 tradi\u00e7\u00e3o rezar o Ter\u00e7o em casa, com a fam\u00edlia.<\/p>\n<p>Por isso, as nossas fam\u00edlias Crist\u00e3s s\u00e3o convidadas a redescobrir a beleza desta Ora\u00e7\u00e3o, individual ou em fam\u00edlia, interior e exteriormente.<\/p>\n<p>Assim, para que valorizemos a Ora\u00e7\u00e3o do Ter\u00e7o prop\u00f5e-se o desafio de cada fam\u00edlia <strong>CRIAR\/CONSTRUIR o seu pr\u00f3prio TER\u00c7O<\/strong> e preparar um espa\u00e7o de ora\u00e7\u00e3o com uma imagem de Nossa Senhora com uma vela e uma cruz.<\/p>\n<p>Cada dezena deve ter uma cor diferente para dar o sentido da universalidade da Ora\u00e7\u00e3o (PAN), \u00e0 semelhan\u00e7a do Ter\u00e7o Mission\u00e1rio que tamb\u00e9m \u00e9 colorido.<\/p>\n<p>No dia <strong>3 de Maio, Dia da M\u00e3e<\/strong>, Domingo do Bom Pastor, somos convidados a colocar o Ter\u00e7o, fora de casa, de forma vis\u00edvel para o exterior.<\/p>\n<p>No dia <strong>13 de Maio<\/strong>, procurem acender uma vela branca e rezar de forma mais profunda e intensa esta <strong>Ora\u00e7\u00e3o, em Fam\u00edlia!<\/strong><\/p>\n<p>&nbsp;<\/p>\n<p>Fonte: <a href=\"http:\/\/www.diocese-aveiro.pt\/v2\/?p=19304\" target=\"_blank\">Diocese de Aveiro<\/a><\/p>\n<p><a href=\"http:\/\/paroquiagloria.org\/v2\/wp-content\/uploads\/2013\/02\/papa-francesco_20200425_lettera-mesedimaggio.pdf\" target=\"_blank\">Mensagem do Papa para o M\u00eas de Maio<\/a><\/p>\n<p>Mais fontes para viver o M\u00eas de Maio:\u00a0<a href=\"http:\/\/catequese.net\/noticia\/oracao-do-terco-no-mes-de-maio-de-2020:960\" target=\"_blank\">Catequese.net<\/a><\/p>\n<p>&nbsp;<\/p>\n","protected":false},"excerpt":{"rendered":"<p>&nbsp; O Departamento da Catequese da Inf\u00e2ncia partilha o desafio que foi proposto para o arciprestado de Estarreja-Murtosa, por forma a alargar a iniciativa a toda a Diocese pretendendo chegar \u00e0 maior parte dos lares e fam\u00edlias Diocesanas. Neste M\u00eas, \u00e9 tradi\u00e7\u00e3o rezar o Ter\u00e7o em casa, com a fam\u00edlia. Por isso, as nossas fam\u00edlias [&hellip;]<\/p>\n","protected":false},"author":1,"featured_media":8593,"comment_status":"open","ping_status":"closed","sticky":false,"template":"","format":"standard","meta":{"ngg_post_thumbnail":0},"categories":[1,4,2,6,22],"tags":[],"_links":{"self":[{"href":"http:\/\/paroquiagloria.org\/v2\/index.php?rest_route=\/wp\/v2\/posts\/8614"}],"collection":[{"href":"http:\/\/paroquiagloria.org\/v2\/index.php?rest_route=\/wp\/v2\/posts"}],"about":[{"href":"http:\/\/paroquiagloria.org\/v2\/index.php?rest_route=\/wp\/v2\/types\/post"}],"author":[{"embeddable":true,"href":"http:\/\/paroquiagloria.org\/v2\/index.php?rest_route=\/wp\/v2\/users\/1"}],"replies":[{"embeddable":true,"href":"http:\/\/paroquiagloria.org\/v2\/index.php?rest_route=%2Fwp%2Fv2%2Fcomments&post=8614"}],"version-history":[{"count":1,"href":"http:\/\/paroquiagloria.org\/v2\/index.php?rest_route=\/wp\/v2\/posts\/8614\/revisions"}],"predecessor-version":[{"id":8615,"href":"http:\/\/paroquiagloria.org\/v2\/index.php?rest_route=\/wp\/v2\/posts\/8614\/revisions\/8615"}],"wp:featuredmedia":[{"embeddable":true,"href":"http:\/\/paroquiagloria.org\/v2\/index.php?rest_route=\/wp\/v2\/media\/8593"}],"wp:attachment":[{"href":"http:\/\/paroquiagloria.org\/v2\/index.php?rest_route=%2Fwp%2Fv2%2Fmedia&parent=8614"}],"wp:term":[{"taxonomy":"category","embeddable":true,"href":"http:\/\/paroquiagloria.org\/v2\/index.php?rest_route=%2Fwp%2Fv2%2Fcategories&post=8614"},{"taxonomy":"post_tag","embeddable":true,"href":"http:\/\/paroquiagloria.org\/v2\/index.php?rest_route=%2Fwp%2Fv2%2Ftags&post=8614"}],"curies":[{"name":"wp","href":"https:\/\/api.w.org\/{rel}","templated":true}]}}