{"id":8612,"date":"2020-05-03T14:42:11","date_gmt":"2020-05-03T14:42:11","guid":{"rendered":"http:\/\/paroquiagloria.org\/v2\/?p=8612"},"modified":"2020-05-03T14:42:11","modified_gmt":"2020-05-03T14:42:11","slug":"nota-pastoral-a-vida-pastoral-em-tempos-de-pandemia","status":"publish","type":"post","link":"http:\/\/paroquiagloria.org\/v2\/?p=8612","title":{"rendered":"Nota Pastoral: A vida pastoral em tempos de pandemia"},"content":{"rendered":"<p><a href=\"http:\/\/paroquiagloria.org\/v2\/wp-content\/uploads\/2020\/04\/dioceseAveiro.jpg\"><img loading=\"lazy\" class=\"size-full wp-image-8532 aligncenter\" src=\"http:\/\/paroquiagloria.org\/v2\/wp-content\/uploads\/2020\/04\/dioceseAveiro.jpg\" alt=\"dioceseAveiro\" width=\"960\" height=\"450\" srcset=\"http:\/\/paroquiagloria.org\/v2\/wp-content\/uploads\/2020\/04\/dioceseAveiro.jpg 960w, http:\/\/paroquiagloria.org\/v2\/wp-content\/uploads\/2020\/04\/dioceseAveiro-300x141.jpg 300w\" sizes=\"(max-width: 960px) 100vw, 960px\" \/><\/a><\/p>\n<p>&nbsp;<\/p>\n<p>O Conselho Permanente da Confer\u00eancia Episcopal reuniu, no dia 21 de abril, para \u00abpreparar orienta\u00e7\u00f5es gerais, em di\u00e1logo com as autoridades governamentais e de sa\u00fade, (\u2026) com a retomada poss\u00edvel e gradual das celebra\u00e7\u00f5es comunit\u00e1rias da Eucaristia e outras manifesta\u00e7\u00f5es cultuais\u00bb. (\u2026) tamb\u00e9m a nossa diocese de Aveiro est\u00e1 solid\u00e1ria com tantos profissionais de sa\u00fade (\u2026) para todos uma palavra de apre\u00e7o e a certeza da nossa ora\u00e7\u00e3o, como membros de uma comunidade crente em sintonia com a sociedade em que est\u00e1 inserida.<\/p>\n<p>Temos consci\u00eancia de que a retoma das celebra\u00e7\u00f5es comunit\u00e1rias ser\u00e1 lenta e gradual, e, (\u2026) apesar de toda esta incerteza, aqui ficam as orienta\u00e7\u00f5es poss\u00edveis:<\/p>\n<ol>\n<li>A catequese paroquial, neste terceiro per\u00edodo, deve continuar a ser (\u2026) atrav\u00e9s dos meios digitais, com os outros colegas do grupo de catequese (\u2026).<\/li>\n<li>A celebra\u00e7\u00e3o dos sacramentos do Baptismo e do Matrim\u00f3nio podem realizar-se desde que se cumpram as normas (\u2026)<\/li>\n<li>As festas religiosas (\u2026) devem ser adiadas ou limitadas (\u2026) O mesmo devemos dizer de prociss\u00f5es e peregrina\u00e7\u00f5es (\u2026)<\/li>\n<\/ol>\n<p>&nbsp;<\/p>\n<p><em>Fonte completa em:\u00a0<a href=\"http:\/\/www.diocese-aveiro.pt\/v2\/?p=19294\" target=\"_blank\">Diocese de Aveiro<\/a><\/em><\/p>\n<p>Comunicado da CEP: <a href=\"https:\/\/www.youtube.com\/watch?v=IkB3HeOwSQ0\" target=\"_blank\">Youtube Ecclesia<\/a><\/p>\n","protected":false},"excerpt":{"rendered":"<p>&nbsp; O Conselho Permanente da Confer\u00eancia Episcopal reuniu, no dia 21 de abril, para \u00abpreparar orienta\u00e7\u00f5es gerais, em di\u00e1logo com as autoridades governamentais e de sa\u00fade, (\u2026) com a retomada poss\u00edvel e gradual das celebra\u00e7\u00f5es comunit\u00e1rias da Eucaristia e outras manifesta\u00e7\u00f5es cultuais\u00bb. (\u2026) tamb\u00e9m a nossa diocese de Aveiro est\u00e1 solid\u00e1ria com tantos profissionais de [&hellip;]<\/p>\n","protected":false},"author":1,"featured_media":8532,"comment_status":"open","ping_status":"closed","sticky":false,"template":"","format":"standard","meta":{"ngg_post_thumbnail":0},"categories":[1,4,2,6,22],"tags":[],"_links":{"self":[{"href":"http:\/\/paroquiagloria.org\/v2\/index.php?rest_route=\/wp\/v2\/posts\/8612"}],"collection":[{"href":"http:\/\/paroquiagloria.org\/v2\/index.php?rest_route=\/wp\/v2\/posts"}],"about":[{"href":"http:\/\/paroquiagloria.org\/v2\/index.php?rest_route=\/wp\/v2\/types\/post"}],"author":[{"embeddable":true,"href":"http:\/\/paroquiagloria.org\/v2\/index.php?rest_route=\/wp\/v2\/users\/1"}],"replies":[{"embeddable":true,"href":"http:\/\/paroquiagloria.org\/v2\/index.php?rest_route=%2Fwp%2Fv2%2Fcomments&post=8612"}],"version-history":[{"count":1,"href":"http:\/\/paroquiagloria.org\/v2\/index.php?rest_route=\/wp\/v2\/posts\/8612\/revisions"}],"predecessor-version":[{"id":8613,"href":"http:\/\/paroquiagloria.org\/v2\/index.php?rest_route=\/wp\/v2\/posts\/8612\/revisions\/8613"}],"wp:featuredmedia":[{"embeddable":true,"href":"http:\/\/paroquiagloria.org\/v2\/index.php?rest_route=\/wp\/v2\/media\/8532"}],"wp:attachment":[{"href":"http:\/\/paroquiagloria.org\/v2\/index.php?rest_route=%2Fwp%2Fv2%2Fmedia&parent=8612"}],"wp:term":[{"taxonomy":"category","embeddable":true,"href":"http:\/\/paroquiagloria.org\/v2\/index.php?rest_route=%2Fwp%2Fv2%2Fcategories&post=8612"},{"taxonomy":"post_tag","embeddable":true,"href":"http:\/\/paroquiagloria.org\/v2\/index.php?rest_route=%2Fwp%2Fv2%2Ftags&post=8612"}],"curies":[{"name":"wp","href":"https:\/\/api.w.org\/{rel}","templated":true}]}}