{"id":8610,"date":"2020-05-03T14:32:39","date_gmt":"2020-05-03T14:32:39","guid":{"rendered":"http:\/\/paroquiagloria.org\/v2\/?p=8610"},"modified":"2020-05-03T14:32:39","modified_gmt":"2020-05-03T14:32:39","slug":"regressar-a-comunidade","status":"publish","type":"post","link":"http:\/\/paroquiagloria.org\/v2\/?p=8610","title":{"rendered":"Regressar \u00e0 Comunidade&#8230;"},"content":{"rendered":"<p><a href=\"http:\/\/paroquiagloria.org\/v2\/wp-content\/uploads\/2013\/02\/3dp_A.jpg\"><img loading=\"lazy\" class=\"size-full wp-image-8589 aligncenter\" src=\"http:\/\/paroquiagloria.org\/v2\/wp-content\/uploads\/2013\/02\/3dp_A.jpg\" alt=\"3dp_A\" width=\"1000\" height=\"712\" srcset=\"http:\/\/paroquiagloria.org\/v2\/wp-content\/uploads\/2013\/02\/3dp_A.jpg 1000w, http:\/\/paroquiagloria.org\/v2\/wp-content\/uploads\/2013\/02\/3dp_A-300x214.jpg 300w\" sizes=\"(max-width: 1000px) 100vw, 1000px\" \/><\/a><\/p>\n<p style=\"text-align: justify;\">\n<p style=\"text-align: justify;\">Apesar de anunciada, a morte de Jesus destro\u00e7ou o cora\u00e7\u00e3o dos disc\u00edpulos e de quantos os acompanharam mais de perto nestes \u00faltimos anos de vida. Agora, sem protec\u00e7\u00e3o nem lideran\u00e7a, os disc\u00edpulos dispersam-se. Uns refugiam-se em casa, com medo dos judeus, outros voltam para a terra, desiludidos e tristes. De repente tudo se desmorona.<\/p>\n<p style=\"text-align: justify;\">Entretanto, o sepulcro onde fora depositado o Crucificado foi encontrado inexplicavelmente vazio. E come\u00e7a o desassossego!<\/p>\n<p style=\"text-align: justify;\">Ningu\u00e9m viu nem registou o acontecimento daquela madrugada florida, que as mulheres depressa fazem chegar aos ouvidos dos disc\u00edpulos; por\u00e9m, a ansiedade, o medo, a vergonha&#8230; levam a melhor \u00e0 surpresa da Boa Nova.<\/p>\n<p style=\"text-align: justify;\">\u00c9 neste contexto que Jesus vai aparecendo naquele <em>&#8220;primeiro dia da semana&#8221;<\/em> para vencer a confus\u00e3o e a perplexidade de uns, o sentimento de culpa e a incredulidade de outros. Mas aos dois, que naquela tarde de domingo j\u00e1 estavam de regresso a Ema\u00fas, desiludidos e tristes, se junta no caminho um terceiro, que, com rigor e pormenor, lhes explica as Escrituras, referentes a Jesus de Nazar\u00e9. O cora\u00e7\u00e3o j\u00e1 lhes ardia, mas a surpresa estava reservada para mais tarde.<\/p>\n<p style=\"text-align: justify;\">Convidado a entrar e passar a noite, o companheiro desconhecido, que entretanto se torna pr\u00f3ximo e catequista, uma vez \u00e0 mesa, <em>&#8220;tomou o p\u00e3o, recitou a b\u00ean\u00e7\u00e3o, partiu-o e entregou-lho&#8221;<\/em>. S\u00f3 ent\u00e3o O reconheceram. E Ele <em>&#8220;afastou-se do meio deles&#8221;<\/em>.<\/p>\n<p style=\"text-align: justify;\">O cora\u00e7\u00e3o, que no caminho j\u00e1 ardia pela explica\u00e7\u00e3o das Escrituras, n\u00e3o podia agora conter a alegria e a necessidade de partilhar com os outros disc\u00edpulos o encontro com o Ressuscitado. E voltam para Jerusal\u00e9m.<\/p>\n<p style=\"text-align: justify;\">Agora j\u00e1 n\u00e3o h\u00e1 d\u00favidas, medo, tristeza, noite ou cansa\u00e7o, para proclamar que Jesus, Morto e Sepultado, est\u00e1 Vivo. E Caminha connosco, mesmo em momentos de grande crise.<\/p>\n<p style=\"text-align: right;\"><em>P. Fausto<\/em><\/p>\n<p style=\"text-align: right;\"><em>in<\/em> Di\u00e1logo 1696 (III Domingo da P\u00e1scoa &#8211; Ano A)<\/p>\n","protected":false},"excerpt":{"rendered":"<p>Apesar de anunciada, a morte de Jesus destro\u00e7ou o cora\u00e7\u00e3o dos disc\u00edpulos e de quantos os acompanharam mais de perto nestes \u00faltimos anos de vida. Agora, sem protec\u00e7\u00e3o nem lideran\u00e7a, os disc\u00edpulos dispersam-se. Uns refugiam-se em casa, com medo dos judeus, outros voltam para a terra, desiludidos e tristes. De repente tudo se desmorona. Entretanto, [&hellip;]<\/p>\n","protected":false},"author":1,"featured_media":8591,"comment_status":"open","ping_status":"closed","sticky":false,"template":"","format":"standard","meta":{"ngg_post_thumbnail":0},"categories":[1,4,6,17],"tags":[],"_links":{"self":[{"href":"http:\/\/paroquiagloria.org\/v2\/index.php?rest_route=\/wp\/v2\/posts\/8610"}],"collection":[{"href":"http:\/\/paroquiagloria.org\/v2\/index.php?rest_route=\/wp\/v2\/posts"}],"about":[{"href":"http:\/\/paroquiagloria.org\/v2\/index.php?rest_route=\/wp\/v2\/types\/post"}],"author":[{"embeddable":true,"href":"http:\/\/paroquiagloria.org\/v2\/index.php?rest_route=\/wp\/v2\/users\/1"}],"replies":[{"embeddable":true,"href":"http:\/\/paroquiagloria.org\/v2\/index.php?rest_route=%2Fwp%2Fv2%2Fcomments&post=8610"}],"version-history":[{"count":1,"href":"http:\/\/paroquiagloria.org\/v2\/index.php?rest_route=\/wp\/v2\/posts\/8610\/revisions"}],"predecessor-version":[{"id":8611,"href":"http:\/\/paroquiagloria.org\/v2\/index.php?rest_route=\/wp\/v2\/posts\/8610\/revisions\/8611"}],"wp:featuredmedia":[{"embeddable":true,"href":"http:\/\/paroquiagloria.org\/v2\/index.php?rest_route=\/wp\/v2\/media\/8591"}],"wp:attachment":[{"href":"http:\/\/paroquiagloria.org\/v2\/index.php?rest_route=%2Fwp%2Fv2%2Fmedia&parent=8610"}],"wp:term":[{"taxonomy":"category","embeddable":true,"href":"http:\/\/paroquiagloria.org\/v2\/index.php?rest_route=%2Fwp%2Fv2%2Fcategories&post=8610"},{"taxonomy":"post_tag","embeddable":true,"href":"http:\/\/paroquiagloria.org\/v2\/index.php?rest_route=%2Fwp%2Fv2%2Ftags&post=8610"}],"curies":[{"name":"wp","href":"https:\/\/api.w.org\/{rel}","templated":true}]}}