{"id":8605,"date":"2020-05-03T14:25:51","date_gmt":"2020-05-03T14:25:51","guid":{"rendered":"http:\/\/paroquiagloria.org\/v2\/?p=8605"},"modified":"2020-05-03T14:25:51","modified_gmt":"2020-05-03T14:25:51","slug":"say-yes-rumo-a-jmj-lisboa-2022","status":"publish","type":"post","link":"http:\/\/paroquiagloria.org\/v2\/?p=8605","title":{"rendered":"SAY YES, Rumo \u00e0 JMJ-Lisboa 2022"},"content":{"rendered":"<p>&nbsp;<\/p>\n<p><a href=\"http:\/\/paroquiagloria.org\/v2\/wp-content\/uploads\/2013\/02\/banner-say-yes-site-catequese.jpg\"><img loading=\"lazy\" class=\"size-large wp-image-8596 aligncenter\" src=\"http:\/\/paroquiagloria.org\/v2\/wp-content\/uploads\/2013\/02\/banner-say-yes-site-catequese-1024x395.jpg\" alt=\"banner-say-yes-site-catequese\" width=\"1024\" height=\"395\" srcset=\"http:\/\/paroquiagloria.org\/v2\/wp-content\/uploads\/2013\/02\/banner-say-yes-site-catequese-1024x395.jpg 1024w, http:\/\/paroquiagloria.org\/v2\/wp-content\/uploads\/2013\/02\/banner-say-yes-site-catequese-300x116.jpg 300w, http:\/\/paroquiagloria.org\/v2\/wp-content\/uploads\/2013\/02\/banner-say-yes-site-catequese.jpg 1920w\" sizes=\"(max-width: 1024px) 100vw, 1024px\" \/><\/a><\/p>\n<p>&nbsp;<\/p>\n<p>O Secretariado Nacional de Educa\u00e7\u00e3o Crist\u00e3, em parceria com o Sector da Catequese do Patriarcado de Lisboa e Ag\u00eancia Ecclesia d\u00e1 continuidade ao <strong>projeto Say Yes<\/strong>, rumo \u00e0 Jornada Mundial de Juventude Lisboa 2022, divulgando os conte\u00fados relativos \u00e0 quinta etapa no <strong>Programa Ecclesia<\/strong>, em cada quarta-feira.<\/p>\n<p>O Programa Ecclesia \u00e9 o espa\u00e7o da Igreja Cat\u00f3lica no tempo de emiss\u00e3o das confiss\u00f5es religiosas em Portugal <strong>\u201cA F\u00e9 dos Homens\u201d<\/strong>, emitido na <strong>RTP2, de segunda a sexta-feira, pelas 15h<\/strong><\/p>\n<p>O Say Yes \u00e9 um projeto inspirado nas diversas edi\u00e7\u00f5es da Jornada Mundial da Juventude, no qual est\u00e3o envolvidos cerca de 50 mil adolescentes de todo o pa\u00eds.<\/p>\n<p>Num conjunto de oito epis\u00f3dios, os adolescentes ter\u00e3o oportunidade de refletir sobre o tema da ecologia integral que, no contexto de pandemia que vivemos, adquire especial relevo.<\/p>\n<p>Posteriormente cada programa fica dispon\u00edvel no canal <strong>youtube da Ag\u00eancia Ecclesia<\/strong><\/p>\n<p>(https:\/\/www.youtube.com\/user\/agenciaecclesia).<\/p>\n<p>Os programas decorrem todas as <strong>quartas-feiras \u00e0s 15h, e estendem-se at\u00e9 ao dia 10 de junho<\/strong>.<\/p>\n<p>&nbsp;<\/p>\n<p><em>fonte: <a href=\"http:\/\/www.catequese.net\/\" target=\"_blank\">http:\/\/www.catequese.net\/<\/a><\/em><\/p>\n","protected":false},"excerpt":{"rendered":"<p>&nbsp; &nbsp; O Secretariado Nacional de Educa\u00e7\u00e3o Crist\u00e3, em parceria com o Sector da Catequese do Patriarcado de Lisboa e Ag\u00eancia Ecclesia d\u00e1 continuidade ao projeto Say Yes, rumo \u00e0 Jornada Mundial de Juventude Lisboa 2022, divulgando os conte\u00fados relativos \u00e0 quinta etapa no Programa Ecclesia, em cada quarta-feira. O Programa Ecclesia \u00e9 o espa\u00e7o [&hellip;]<\/p>\n","protected":false},"author":1,"featured_media":8002,"comment_status":"open","ping_status":"closed","sticky":false,"template":"","format":"standard","meta":{"ngg_post_thumbnail":0},"categories":[1,4,2,6,22],"tags":[],"_links":{"self":[{"href":"http:\/\/paroquiagloria.org\/v2\/index.php?rest_route=\/wp\/v2\/posts\/8605"}],"collection":[{"href":"http:\/\/paroquiagloria.org\/v2\/index.php?rest_route=\/wp\/v2\/posts"}],"about":[{"href":"http:\/\/paroquiagloria.org\/v2\/index.php?rest_route=\/wp\/v2\/types\/post"}],"author":[{"embeddable":true,"href":"http:\/\/paroquiagloria.org\/v2\/index.php?rest_route=\/wp\/v2\/users\/1"}],"replies":[{"embeddable":true,"href":"http:\/\/paroquiagloria.org\/v2\/index.php?rest_route=%2Fwp%2Fv2%2Fcomments&post=8605"}],"version-history":[{"count":1,"href":"http:\/\/paroquiagloria.org\/v2\/index.php?rest_route=\/wp\/v2\/posts\/8605\/revisions"}],"predecessor-version":[{"id":8606,"href":"http:\/\/paroquiagloria.org\/v2\/index.php?rest_route=\/wp\/v2\/posts\/8605\/revisions\/8606"}],"wp:featuredmedia":[{"embeddable":true,"href":"http:\/\/paroquiagloria.org\/v2\/index.php?rest_route=\/wp\/v2\/media\/8002"}],"wp:attachment":[{"href":"http:\/\/paroquiagloria.org\/v2\/index.php?rest_route=%2Fwp%2Fv2%2Fmedia&parent=8605"}],"wp:term":[{"taxonomy":"category","embeddable":true,"href":"http:\/\/paroquiagloria.org\/v2\/index.php?rest_route=%2Fwp%2Fv2%2Fcategories&post=8605"},{"taxonomy":"post_tag","embeddable":true,"href":"http:\/\/paroquiagloria.org\/v2\/index.php?rest_route=%2Fwp%2Fv2%2Ftags&post=8605"}],"curies":[{"name":"wp","href":"https:\/\/api.w.org\/{rel}","templated":true}]}}