{"id":8603,"date":"2020-05-03T14:23:27","date_gmt":"2020-05-03T14:23:27","guid":{"rendered":"http:\/\/paroquiagloria.org\/v2\/?p=8603"},"modified":"2020-05-03T14:26:15","modified_gmt":"2020-05-03T14:26:15","slug":"peregrinacao-nacional-dos-acolitos-1-maio","status":"publish","type":"post","link":"http:\/\/paroquiagloria.org\/v2\/?p=8603","title":{"rendered":"Peregrina\u00e7\u00e3o Nacional dos Ac\u00f3litos \u2013 1 maio"},"content":{"rendered":"<p><a href=\"http:\/\/paroquiagloria.org\/v2\/wp-content\/uploads\/2013\/02\/cartazAcolitos.jpg\"><img loading=\"lazy\" class=\"size-full wp-image-8597 aligncenter\" src=\"http:\/\/paroquiagloria.org\/v2\/wp-content\/uploads\/2013\/02\/cartazAcolitos.jpg\" alt=\"cartazAcolitos\" width=\"655\" height=\"960\" srcset=\"http:\/\/paroquiagloria.org\/v2\/wp-content\/uploads\/2013\/02\/cartazAcolitos.jpg 655w, http:\/\/paroquiagloria.org\/v2\/wp-content\/uploads\/2013\/02\/cartazAcolitos-205x300.jpg 205w\" sizes=\"(max-width: 655px) 100vw, 655px\" \/><\/a><\/p>\n<p>&nbsp;<\/p>\n<p>A 24\u00aa Peregrina\u00e7\u00e3o Nacional dos Ac\u00f3litos a F\u00e1tima que decorre no <strong>dia 1 de Maio<\/strong>, est\u00e1 a ser organizada de uma forma diferente. Assim, convidam todos os ac\u00f3litos portugueses para no dia 1 de maio e em suas casas estarem virtualmente presentes no Santu\u00e1rio de Vila Vi\u00e7osa (Arquidiocese de \u00c9vora) pelas <strong>16 horas<\/strong>, local desde onde ser\u00e1 transmitida online via Facebook do SNA e do Santu\u00e1rio de Vila Vi\u00e7osa.<\/p>\n<p>&nbsp;<\/p>\n<p>mais informa\u00e7\u00f5es: <a href=\"http:\/\/www.diocese-aveiro.pt\/v2\/?p=19323\" target=\"_blank\">http:\/\/www.diocese-aveiro.pt\/v2\/?p=19323<\/a><\/p>\n<p>&nbsp;<\/p>\n","protected":false},"excerpt":{"rendered":"<p>&nbsp; A 24\u00aa Peregrina\u00e7\u00e3o Nacional dos Ac\u00f3litos a F\u00e1tima que decorre no dia 1 de Maio, est\u00e1 a ser organizada de uma forma diferente. Assim, convidam todos os ac\u00f3litos portugueses para no dia 1 de maio e em suas casas estarem virtualmente presentes no Santu\u00e1rio de Vila Vi\u00e7osa (Arquidiocese de \u00c9vora) pelas 16 horas, local [&hellip;]<\/p>\n","protected":false},"author":1,"featured_media":8594,"comment_status":"open","ping_status":"closed","sticky":false,"template":"","format":"standard","meta":{"ngg_post_thumbnail":0},"categories":[1,4,2,6,22],"tags":[],"_links":{"self":[{"href":"http:\/\/paroquiagloria.org\/v2\/index.php?rest_route=\/wp\/v2\/posts\/8603"}],"collection":[{"href":"http:\/\/paroquiagloria.org\/v2\/index.php?rest_route=\/wp\/v2\/posts"}],"about":[{"href":"http:\/\/paroquiagloria.org\/v2\/index.php?rest_route=\/wp\/v2\/types\/post"}],"author":[{"embeddable":true,"href":"http:\/\/paroquiagloria.org\/v2\/index.php?rest_route=\/wp\/v2\/users\/1"}],"replies":[{"embeddable":true,"href":"http:\/\/paroquiagloria.org\/v2\/index.php?rest_route=%2Fwp%2Fv2%2Fcomments&post=8603"}],"version-history":[{"count":2,"href":"http:\/\/paroquiagloria.org\/v2\/index.php?rest_route=\/wp\/v2\/posts\/8603\/revisions"}],"predecessor-version":[{"id":8607,"href":"http:\/\/paroquiagloria.org\/v2\/index.php?rest_route=\/wp\/v2\/posts\/8603\/revisions\/8607"}],"wp:featuredmedia":[{"embeddable":true,"href":"http:\/\/paroquiagloria.org\/v2\/index.php?rest_route=\/wp\/v2\/media\/8594"}],"wp:attachment":[{"href":"http:\/\/paroquiagloria.org\/v2\/index.php?rest_route=%2Fwp%2Fv2%2Fmedia&parent=8603"}],"wp:term":[{"taxonomy":"category","embeddable":true,"href":"http:\/\/paroquiagloria.org\/v2\/index.php?rest_route=%2Fwp%2Fv2%2Fcategories&post=8603"},{"taxonomy":"post_tag","embeddable":true,"href":"http:\/\/paroquiagloria.org\/v2\/index.php?rest_route=%2Fwp%2Fv2%2Ftags&post=8603"}],"curies":[{"name":"wp","href":"https:\/\/api.w.org\/{rel}","templated":true}]}}