{"id":8583,"date":"2020-04-19T22:17:33","date_gmt":"2020-04-19T22:17:33","guid":{"rendered":"http:\/\/paroquiagloria.org\/v2\/?p=8583"},"modified":"2020-04-19T22:17:33","modified_gmt":"2020-04-19T22:17:33","slug":"cantinho-da-familia-18","status":"publish","type":"post","link":"http:\/\/paroquiagloria.org\/v2\/?p=8583","title":{"rendered":"\u201cCANTINHO DA FAM\u00cdLIA\u201d (18)"},"content":{"rendered":"<p><a href=\"http:\/\/paroquiagloria.org\/v2\/wp-content\/uploads\/2019\/11\/familia2.jpg\"><img loading=\"lazy\" class=\"size-full wp-image-8140 aligncenter\" src=\"http:\/\/paroquiagloria.org\/v2\/wp-content\/uploads\/2019\/11\/familia2.jpg\" alt=\"familia2\" width=\"670\" height=\"670\" srcset=\"http:\/\/paroquiagloria.org\/v2\/wp-content\/uploads\/2019\/11\/familia2.jpg 670w, http:\/\/paroquiagloria.org\/v2\/wp-content\/uploads\/2019\/11\/familia2-150x150.jpg 150w, http:\/\/paroquiagloria.org\/v2\/wp-content\/uploads\/2019\/11\/familia2-300x300.jpg 300w, http:\/\/paroquiagloria.org\/v2\/wp-content\/uploads\/2019\/11\/familia2-185x185.jpg 185w, http:\/\/paroquiagloria.org\/v2\/wp-content\/uploads\/2019\/11\/familia2-184x184.jpg 184w\" sizes=\"(max-width: 670px) 100vw, 670px\" \/><\/a><\/p>\n<p>&nbsp;<\/p>\n<h2>CELEBRAR E REZAR EM TEMPO DE PANDEMIA:<\/h2>\n<p>&nbsp;<\/p>\n<p><strong><em>Nos Caminhos Luminosos da Ressurrei\u00e7\u00e3o<\/em><\/strong><strong><em> \u2013 Carlos Aquino<\/em><\/strong><\/p>\n<p><em>\u00a0<\/em><\/p>\n<p><a href=\"http:\/\/paroquiagloria.org\/v2\/wp-content\/uploads\/2020\/04\/ViaLucis_CarlosAquino.pdf\" target=\"_blank\">VIA LUCIS<\/a><\/p>\n<p><strong><em>(itiner\u00e1rio para as fam\u00edlias)<\/em><\/strong><\/p>\n<p><strong>\u00a0<\/strong><\/p>\n<p>ORA\u00c7\u00c3O INICIAL<\/p>\n<p><strong>Pai:<\/strong> Em nome do Pai, Senhor que nos d\u00e1 a vida; e do Filho que foi Ressuscitado; e do Esp\u00edrito Santo, dom do Seu amor.<\/p>\n<p><strong>Todos:<\/strong> Pai nosso\u2026<\/p>\n<p><strong>M\u00e3e:<\/strong> Em fam\u00edlia e em comunh\u00e3o com a Igreja, o povo santo de Deus, vamos percorrer um caminho, contemplando e meditando na presen\u00e7a de Jesus Ressuscitado nas nossas vidas. Fazemos mem\u00f3ria dessa presen\u00e7a revisitando a hist\u00f3ria da salva\u00e7\u00e3o e relendo as Sagradas Escrituras. Elas falam sobre os extraordin\u00e1rios acontecimentos que foram vividos pelos disc\u00edpulos de Jesus Cristo, depois da Sua paix\u00e3o e morte, reveladores que Ele vencera a morte e estava, na verdade, Vivo.<\/p>\n<p><strong>Pai:<\/strong> Senhor Deus, fonte da Vida, que no Teu Filho Jesus Cristo, vencedor da morte, nos abres as portas do Teu Reino e mostras aos errantes a luz da verdade para poderem voltar ao bom caminho, concede-nos a n\u00f3s e a quantos se\u00a0declaram crist\u00e3os que, rejeitando tudo o que \u00e9 indigno deste nome, sigamos fielmente as exig\u00eancias da f\u00e9, dando testemunho pela nossa vida da Ressurrei\u00e7\u00e3o de Jesus.<\/p>\n<p><strong>Todos:<\/strong> Amen<\/p>\n<p>&nbsp;<\/p>\n<p><strong><em>&#8212; Via Lucis &#8212;<\/em><\/strong><\/p>\n<p>&nbsp;<\/p>\n<p>ORA\u00c7\u00c3O FINAL<\/p>\n<p><strong>Pai:<\/strong> Senhor Deus que no Teu amado Filho Jesus revelaste o amor e nos ensinaste o caminho, a verdade e a vida para chegarmos a Ti e vivermos em comunh\u00e3o contigo; Tu que enriqueces a nossa vida com o dom do Esp\u00edrito de Jesus Ressuscitado e pela gra\u00e7a dos Sacramentos da Igreja, guarda-nos com a Tua cont\u00ednua protec\u00e7\u00e3o, conduz-nos pelos caminhos do nosso crescimento espiritual, fortalece-nos para sabermos professar livremente a nossa f\u00e9, sermos alegres e perseverantes na Esperan\u00e7a, fervorosos e fecundos na Caridade.<\/p>\n<p><strong>Todos:<\/strong> Amen<\/p>\n<p><strong>M\u00e3e:<\/strong> O Senhor nos aben\u00e7oe, nos proteja e nos guarde sempre no Seu amor<\/p>\n<p><strong>Todos:<\/strong> Amen<\/p>\n","protected":false},"excerpt":{"rendered":"<p>&nbsp; CELEBRAR E REZAR EM TEMPO DE PANDEMIA: &nbsp; Nos Caminhos Luminosos da Ressurrei\u00e7\u00e3o \u2013 Carlos Aquino \u00a0 VIA LUCIS (itiner\u00e1rio para as fam\u00edlias) \u00a0 ORA\u00c7\u00c3O INICIAL Pai: Em nome do Pai, Senhor que nos d\u00e1 a vida; e do Filho que foi Ressuscitado; e do Esp\u00edrito Santo, dom do Seu amor. Todos: Pai nosso\u2026 [&hellip;]<\/p>\n","protected":false},"author":1,"featured_media":8145,"comment_status":"open","ping_status":"closed","sticky":false,"template":"","format":"standard","meta":{"ngg_post_thumbnail":0},"categories":[1,4,2,6,22],"tags":[],"_links":{"self":[{"href":"http:\/\/paroquiagloria.org\/v2\/index.php?rest_route=\/wp\/v2\/posts\/8583"}],"collection":[{"href":"http:\/\/paroquiagloria.org\/v2\/index.php?rest_route=\/wp\/v2\/posts"}],"about":[{"href":"http:\/\/paroquiagloria.org\/v2\/index.php?rest_route=\/wp\/v2\/types\/post"}],"author":[{"embeddable":true,"href":"http:\/\/paroquiagloria.org\/v2\/index.php?rest_route=\/wp\/v2\/users\/1"}],"replies":[{"embeddable":true,"href":"http:\/\/paroquiagloria.org\/v2\/index.php?rest_route=%2Fwp%2Fv2%2Fcomments&post=8583"}],"version-history":[{"count":1,"href":"http:\/\/paroquiagloria.org\/v2\/index.php?rest_route=\/wp\/v2\/posts\/8583\/revisions"}],"predecessor-version":[{"id":8585,"href":"http:\/\/paroquiagloria.org\/v2\/index.php?rest_route=\/wp\/v2\/posts\/8583\/revisions\/8585"}],"wp:featuredmedia":[{"embeddable":true,"href":"http:\/\/paroquiagloria.org\/v2\/index.php?rest_route=\/wp\/v2\/media\/8145"}],"wp:attachment":[{"href":"http:\/\/paroquiagloria.org\/v2\/index.php?rest_route=%2Fwp%2Fv2%2Fmedia&parent=8583"}],"wp:term":[{"taxonomy":"category","embeddable":true,"href":"http:\/\/paroquiagloria.org\/v2\/index.php?rest_route=%2Fwp%2Fv2%2Fcategories&post=8583"},{"taxonomy":"post_tag","embeddable":true,"href":"http:\/\/paroquiagloria.org\/v2\/index.php?rest_route=%2Fwp%2Fv2%2Ftags&post=8583"}],"curies":[{"name":"wp","href":"https:\/\/api.w.org\/{rel}","templated":true}]}}