{"id":8575,"date":"2020-04-19T22:06:36","date_gmt":"2020-04-19T22:06:36","guid":{"rendered":"http:\/\/paroquiagloria.org\/v2\/?p=8575"},"modified":"2020-04-19T22:06:36","modified_gmt":"2020-04-19T22:06:36","slug":"ninguem-se-salva-sozinho","status":"publish","type":"post","link":"http:\/\/paroquiagloria.org\/v2\/?p=8575","title":{"rendered":"\u00abNingu\u00e9m se salva sozinho\u00bb"},"content":{"rendered":"<p><a href=\"http:\/\/paroquiagloria.org\/v2\/wp-content\/uploads\/2018\/01\/BANNER_PapaFranciscoOracion_040118.jpg\"><img loading=\"lazy\" class=\"size-full wp-image-6164 aligncenter\" src=\"http:\/\/paroquiagloria.org\/v2\/wp-content\/uploads\/2018\/01\/BANNER_PapaFranciscoOracion_040118.jpg\" alt=\"BANNER_PapaFranciscoOracion_040118\" width=\"960\" height=\"450\" srcset=\"http:\/\/paroquiagloria.org\/v2\/wp-content\/uploads\/2018\/01\/BANNER_PapaFranciscoOracion_040118.jpg 960w, http:\/\/paroquiagloria.org\/v2\/wp-content\/uploads\/2018\/01\/BANNER_PapaFranciscoOracion_040118-300x141.jpg 300w\" sizes=\"(max-width: 960px) 100vw, 960px\" \/><\/a><\/p>\n<p>&nbsp;<\/p>\n<p>O Papa Francisco assina um texto na revista espanhola \u2018Vida Nueva\u2019 em que prop\u00f5e um \u201cplano para ressuscitar\u201d a humanidade, ap\u00f3s a pandemia de Covid-19, referindo que <strong>\u201cningu\u00e9m se salva sozinho\u201d<\/strong>.<\/p>\n<p>\u201cSe pudemos aprender alguma coisa neste tempo, \u00e9 que ningu\u00e9m se salva sozinho. As fronteiras caem, os murros derrubam-se e todos os discursos integristas se dissolvem, perante uma presen\u00e7a quase impercet\u00edvel que manifesta a fragilidade de que somos feitos\u201d, escreve.<\/p>\n<p>O texto elogia todos os que, nestes tempos, foram capazes de \u201ccuidar, sem colocar em risco a vida dos outros\u201d.<\/p>\n<p>O Papa real\u00e7a que, se as autoridades ordenaram o confinamento, foram as pessoas que o tornaram poss\u00edvel, \u201cconscientes da sua responsabilidade para travar a pandemia\u201d.<\/p>\n<p>Francisco diz que \u00e9 necess\u00e1rio assumir \u201co impacto e as graves consequ\u00eancias\u201d do momento que se vive, unindo a \u201cfam\u00edlia humana\u201d numa resposta comum aos males que atingem milh\u00f5es de pessoas em todo o mundo.<\/p>\n<p>\u201cA globaliza\u00e7\u00e3o da indiferen\u00e7a vai continuar a amea\u00e7ar e a tentar o nosso caminho. Queira Deus que nos encontre com os anticorpos necess\u00e1rios da justi\u00e7a, da caridade e da solidariedade\u201d, aponta.<\/p>\n<p>\u201cSempre que tomamos parte na Paix\u00e3o do Senhor, que acompanhamos a paix\u00e3o dos nossos irm\u00e3os, vivendo inclusiva-mente a pr\u00f3pria paix\u00e3o, os nossos ouvidos escutam a novidade da ressur-rei\u00e7\u00e3o: n\u00e3o estamos s\u00f3s, o Senhor precede-nos no nosso caminhar, remo-vendo as pedras que nos paralisam\u201d, sustenta.<\/p>\n<p style=\"text-align: right;\"><em>Fonte: <a href=\"https:\/\/agencia.ecclesia.pt\/portal\/covid-19-ninguem-se-salva-sozinho-a-licao-que-o-papa-quer-manter-para-o-futuro\/\" target=\"_blank\">ecclesia<\/a><\/em><\/p>\n","protected":false},"excerpt":{"rendered":"<p>&nbsp; O Papa Francisco assina um texto na revista espanhola \u2018Vida Nueva\u2019 em que prop\u00f5e um \u201cplano para ressuscitar\u201d a humanidade, ap\u00f3s a pandemia de Covid-19, referindo que \u201cningu\u00e9m se salva sozinho\u201d. \u201cSe pudemos aprender alguma coisa neste tempo, \u00e9 que ningu\u00e9m se salva sozinho. As fronteiras caem, os murros derrubam-se e todos os discursos [&hellip;]<\/p>\n","protected":false},"author":1,"featured_media":6164,"comment_status":"open","ping_status":"closed","sticky":false,"template":"","format":"standard","meta":{"ngg_post_thumbnail":0},"categories":[1,4,2,6],"tags":[],"_links":{"self":[{"href":"http:\/\/paroquiagloria.org\/v2\/index.php?rest_route=\/wp\/v2\/posts\/8575"}],"collection":[{"href":"http:\/\/paroquiagloria.org\/v2\/index.php?rest_route=\/wp\/v2\/posts"}],"about":[{"href":"http:\/\/paroquiagloria.org\/v2\/index.php?rest_route=\/wp\/v2\/types\/post"}],"author":[{"embeddable":true,"href":"http:\/\/paroquiagloria.org\/v2\/index.php?rest_route=\/wp\/v2\/users\/1"}],"replies":[{"embeddable":true,"href":"http:\/\/paroquiagloria.org\/v2\/index.php?rest_route=%2Fwp%2Fv2%2Fcomments&post=8575"}],"version-history":[{"count":1,"href":"http:\/\/paroquiagloria.org\/v2\/index.php?rest_route=\/wp\/v2\/posts\/8575\/revisions"}],"predecessor-version":[{"id":8576,"href":"http:\/\/paroquiagloria.org\/v2\/index.php?rest_route=\/wp\/v2\/posts\/8575\/revisions\/8576"}],"wp:featuredmedia":[{"embeddable":true,"href":"http:\/\/paroquiagloria.org\/v2\/index.php?rest_route=\/wp\/v2\/media\/6164"}],"wp:attachment":[{"href":"http:\/\/paroquiagloria.org\/v2\/index.php?rest_route=%2Fwp%2Fv2%2Fmedia&parent=8575"}],"wp:term":[{"taxonomy":"category","embeddable":true,"href":"http:\/\/paroquiagloria.org\/v2\/index.php?rest_route=%2Fwp%2Fv2%2Fcategories&post=8575"},{"taxonomy":"post_tag","embeddable":true,"href":"http:\/\/paroquiagloria.org\/v2\/index.php?rest_route=%2Fwp%2Fv2%2Ftags&post=8575"}],"curies":[{"name":"wp","href":"https:\/\/api.w.org\/{rel}","templated":true}]}}