{"id":8549,"date":"2020-04-11T19:11:23","date_gmt":"2020-04-11T19:11:23","guid":{"rendered":"http:\/\/paroquiagloria.org\/v2\/?p=8549"},"modified":"2020-04-11T19:11:23","modified_gmt":"2020-04-11T19:11:23","slug":"ressurreicao-de-jesus","status":"publish","type":"post","link":"http:\/\/paroquiagloria.org\/v2\/?p=8549","title":{"rendered":"Ressurrei\u00e7\u00e3o de Jesus"},"content":{"rendered":"<p><a href=\"http:\/\/paroquiagloria.org\/v2\/wp-content\/uploads\/2016\/03\/banner_cristoressuscitou.jpg\"><img loading=\"lazy\" class=\"size-full wp-image-4280 aligncenter\" src=\"http:\/\/paroquiagloria.org\/v2\/wp-content\/uploads\/2016\/03\/banner_cristoressuscitou.jpg\" alt=\"banner_cristoressuscitou\" width=\"960\" height=\"450\" srcset=\"http:\/\/paroquiagloria.org\/v2\/wp-content\/uploads\/2016\/03\/banner_cristoressuscitou.jpg 960w, http:\/\/paroquiagloria.org\/v2\/wp-content\/uploads\/2016\/03\/banner_cristoressuscitou-300x141.jpg 300w\" sizes=\"(max-width: 960px) 100vw, 960px\" \/><\/a><\/p>\n<p>&nbsp;<\/p>\n<p><strong>Ler em fam\u00edlia<\/strong><\/p>\n<p>&nbsp;<\/p>\n<p><strong><em>Evangelho Jo\u00e3o 20, 1-9<\/em><\/strong><\/p>\n<p>No primeiro dia da semana, Maria Madalena foi de manh\u00e3zinha, ainda escuro, ao sepulcro e viu a pedra retirada do sepulcro. Correu ent\u00e3o e foi ter com Sim\u00e3o Pedro e com o outro disc\u00edpulo que Jesus amava e disse-lhes: \u00abLevaram o Senhor do sepulcro e n\u00e3o sabemos onde O puseram\u00bb. Pedro partiu com o outro disc\u00edpulo e foram ambos ao sepulcro. Corriam os dois juntos, mas o outro disc\u00edpulo antecipou-se, correndo mais depressa do que Pedro, e chegou primeiro ao sepulcro\u00ac. Debru\u00e7ando-se, viu as ligaduras no ch\u00e3o, mas n\u00e3o entrou. Entretanto, chegou tamb\u00e9m Sim\u00e3o Pedro, que o seguira. Entrou no sepulcro e viu as ligaduras no ch\u00e3o e o sud\u00e1rio que tinha estado sobre a cabe\u00e7a de Jesus, n\u00e3o com as ligaduras, mas enrolado \u00e0 parte. Entrou tamb\u00e9m o outro disc\u00edpulo que chegara primeiro ao sepulcro: \u00ac viu e acreditou. Na verdade, ainda n\u00e3o tinham entendido a Escritura, segundo a qual Jesus devia ressuscitar dos mortos.<\/p>\n<p>&nbsp;<\/p>\n<p><strong>Rezar em conjunto<\/strong><\/p>\n<p>&nbsp;<\/p>\n<p><strong><em>Salmo 117(118), 1-2, 16ab-17, 22-23 <\/em><\/strong><\/p>\n<p><em>Refr\u00e3o:<\/em> Este \u00e9 o dia que o Senhor fez:<\/p>\n<p>exultemos e cantemos de alegria.<\/p>\n<p><em>Repete-se<\/em><\/p>\n<p>&nbsp;<\/p>\n<p>Dai gra\u00e7as ao Senhor, porque Ele \u00e9 bom,<\/p>\n<p>porque \u00e9 eterna a sua miseric\u00f3rdia.<\/p>\n<p>Diga a casa de Israel:<\/p>\n<p>\u00e9 eterna a Sua miseric\u00f3rdia. <em>Refr\u00e3o<\/em><\/p>\n<p>&nbsp;<\/p>\n<p>A m\u00e3o do Senhor fez prod\u00edgios,<\/p>\n<p>a m\u00e3o do Senhor foi magn\u00edfica.<\/p>\n<p>N\u00e3o morrerei, mas hei-de viver,<\/p>\n<p>para anunciar as obras do Senhor. <em>Refr\u00e3o<\/em><\/p>\n<p>&nbsp;<\/p>\n<p>A pedra que os construtores rejeitaram<\/p>\n<p>tornou-se pedra angular.<\/p>\n<p>Tudo isto veio do Senhor:<\/p>\n<p>e \u00e9 admir\u00e1vel aos nossos olhos. <em>Refr\u00e3o<\/em><\/p>\n<p><em>\u00a0<\/em><\/p>\n<p><em>https:\/\/soundcloud.com\/laboratorio-jesuitas\/sets\/domingo-da-ressurreicao<\/em><\/p>\n<p>&nbsp;<\/p>\n","protected":false},"excerpt":{"rendered":"<p>&nbsp; Ler em fam\u00edlia &nbsp; Evangelho Jo\u00e3o 20, 1-9 No primeiro dia da semana, Maria Madalena foi de manh\u00e3zinha, ainda escuro, ao sepulcro e viu a pedra retirada do sepulcro. Correu ent\u00e3o e foi ter com Sim\u00e3o Pedro e com o outro disc\u00edpulo que Jesus amava e disse-lhes: \u00abLevaram o Senhor do sepulcro e n\u00e3o [&hellip;]<\/p>\n","protected":false},"author":1,"featured_media":4280,"comment_status":"open","ping_status":"closed","sticky":false,"template":"","format":"standard","meta":{"ngg_post_thumbnail":0},"categories":[1,4,2,6,22],"tags":[],"_links":{"self":[{"href":"http:\/\/paroquiagloria.org\/v2\/index.php?rest_route=\/wp\/v2\/posts\/8549"}],"collection":[{"href":"http:\/\/paroquiagloria.org\/v2\/index.php?rest_route=\/wp\/v2\/posts"}],"about":[{"href":"http:\/\/paroquiagloria.org\/v2\/index.php?rest_route=\/wp\/v2\/types\/post"}],"author":[{"embeddable":true,"href":"http:\/\/paroquiagloria.org\/v2\/index.php?rest_route=\/wp\/v2\/users\/1"}],"replies":[{"embeddable":true,"href":"http:\/\/paroquiagloria.org\/v2\/index.php?rest_route=%2Fwp%2Fv2%2Fcomments&post=8549"}],"version-history":[{"count":1,"href":"http:\/\/paroquiagloria.org\/v2\/index.php?rest_route=\/wp\/v2\/posts\/8549\/revisions"}],"predecessor-version":[{"id":8550,"href":"http:\/\/paroquiagloria.org\/v2\/index.php?rest_route=\/wp\/v2\/posts\/8549\/revisions\/8550"}],"wp:featuredmedia":[{"embeddable":true,"href":"http:\/\/paroquiagloria.org\/v2\/index.php?rest_route=\/wp\/v2\/media\/4280"}],"wp:attachment":[{"href":"http:\/\/paroquiagloria.org\/v2\/index.php?rest_route=%2Fwp%2Fv2%2Fmedia&parent=8549"}],"wp:term":[{"taxonomy":"category","embeddable":true,"href":"http:\/\/paroquiagloria.org\/v2\/index.php?rest_route=%2Fwp%2Fv2%2Fcategories&post=8549"},{"taxonomy":"post_tag","embeddable":true,"href":"http:\/\/paroquiagloria.org\/v2\/index.php?rest_route=%2Fwp%2Fv2%2Ftags&post=8549"}],"curies":[{"name":"wp","href":"https:\/\/api.w.org\/{rel}","templated":true}]}}