{"id":8543,"date":"2020-04-04T18:50:46","date_gmt":"2020-04-04T18:50:46","guid":{"rendered":"http:\/\/paroquiagloria.org\/v2\/?p=8543"},"modified":"2020-04-04T18:50:46","modified_gmt":"2020-04-04T18:50:46","slug":"uma-semana-diferente-2","status":"publish","type":"post","link":"http:\/\/paroquiagloria.org\/v2\/?p=8543","title":{"rendered":"Uma Semana Diferente !"},"content":{"rendered":"<p><a href=\"http:\/\/paroquiagloria.org\/v2\/wp-content\/uploads\/2020\/04\/Ramos_A.jpg\"><img loading=\"lazy\" class=\"size-full wp-image-8545 aligncenter\" src=\"http:\/\/paroquiagloria.org\/v2\/wp-content\/uploads\/2020\/04\/Ramos_A.jpg\" alt=\"Ramos_A\" width=\"720\" height=\"1000\" srcset=\"http:\/\/paroquiagloria.org\/v2\/wp-content\/uploads\/2020\/04\/Ramos_A.jpg 720w, http:\/\/paroquiagloria.org\/v2\/wp-content\/uploads\/2020\/04\/Ramos_A-216x300.jpg 216w\" sizes=\"(max-width: 720px) 100vw, 720px\" \/><\/a><\/p>\n<p style=\"text-align: justify;\">Com o Domingo de Ramos come\u00e7a a Semana Santa. Para os crist\u00e3os \u00e9 a semana central da hist\u00f3ria e da f\u00e9, este ano ainda Maior porque mais sofrida em virtude da pandemia do Covid-19. Uma semana de abstin\u00eancias que a tornam em tudo diferente das anteriores.<\/p>\n<p style=\"text-align: justify;\">Uma semana em que veremos, em jeito de filme j\u00e1 nosso conhecido mas sempre actual, apupos e vexames, juras de fidelidade caldeadas com atitudes de medo e abandono, falsidades, solid\u00e3o&#8230; e morte, que fazem Jesus experimentar, no alto da cruz, uma estranha aus\u00eancia de Deus: <em>&#8220;Meu Deus, meu Deus, porque me abandonastes?&#8221;<\/em>. Mas Ele sabe que sil\u00eancio de Deus n\u00e3o \u00e9 aus\u00eancia, nem cansa\u00e7o, nem desespero&#8230; mas presen\u00e7a silenciosa como a de uma m\u00e3e que, sem arredar p\u00e9, vela, com amor e ternura, \u00e0 cabeceira do filho moribundo.<\/p>\n<p>Vamos viver esta semana, este ano de forma bem diferente, ainda que \u00e0s vezes possamos sentir um n\u00f3 na garganta, estranhando o sil\u00eancio de Deus, face a tanto sofrimento que percorre o mundo de l\u00e9s a l\u00e9s.<\/p>\n<p style=\"text-align: justify;\">A resposta a tudo isto t\u00ea-la-emos no Domingo, com o sepulcro vazio. At\u00e9 l\u00e1 vivamos estes dias, resguardados o mais poss\u00edvel, sem nunca esquecermos o dever de ora\u00e7\u00e3o agradecida pela generosidade her\u00f3ica e criativa de tantas pessoas que, por este mundo fora, combatem a pandemia que muito nos aflige.<\/p>\n<p>Uma Santa Semana Santa.<\/p>\n<p style=\"text-align: right;\"><em>P. Fausto<\/em><\/p>\n<p style=\"text-align: right;\"><em>in<\/em> Di\u00e1logo n\u00ba 1693 (Domingo de Ramos da Paix\u00e3o do Senhor &#8211; Ano A)<\/p>\n","protected":false},"excerpt":{"rendered":"<p>Com o Domingo de Ramos come\u00e7a a Semana Santa. Para os crist\u00e3os \u00e9 a semana central da hist\u00f3ria e da f\u00e9, este ano ainda Maior porque mais sofrida em virtude da pandemia do Covid-19. Uma semana de abstin\u00eancias que a tornam em tudo diferente das anteriores. Uma semana em que veremos, em jeito de filme [&hellip;]<\/p>\n","protected":false},"author":1,"featured_media":8544,"comment_status":"open","ping_status":"closed","sticky":false,"template":"","format":"standard","meta":{"ngg_post_thumbnail":0},"categories":[1,4,2,6,17],"tags":[],"_links":{"self":[{"href":"http:\/\/paroquiagloria.org\/v2\/index.php?rest_route=\/wp\/v2\/posts\/8543"}],"collection":[{"href":"http:\/\/paroquiagloria.org\/v2\/index.php?rest_route=\/wp\/v2\/posts"}],"about":[{"href":"http:\/\/paroquiagloria.org\/v2\/index.php?rest_route=\/wp\/v2\/types\/post"}],"author":[{"embeddable":true,"href":"http:\/\/paroquiagloria.org\/v2\/index.php?rest_route=\/wp\/v2\/users\/1"}],"replies":[{"embeddable":true,"href":"http:\/\/paroquiagloria.org\/v2\/index.php?rest_route=%2Fwp%2Fv2%2Fcomments&post=8543"}],"version-history":[{"count":1,"href":"http:\/\/paroquiagloria.org\/v2\/index.php?rest_route=\/wp\/v2\/posts\/8543\/revisions"}],"predecessor-version":[{"id":8546,"href":"http:\/\/paroquiagloria.org\/v2\/index.php?rest_route=\/wp\/v2\/posts\/8543\/revisions\/8546"}],"wp:featuredmedia":[{"embeddable":true,"href":"http:\/\/paroquiagloria.org\/v2\/index.php?rest_route=\/wp\/v2\/media\/8544"}],"wp:attachment":[{"href":"http:\/\/paroquiagloria.org\/v2\/index.php?rest_route=%2Fwp%2Fv2%2Fmedia&parent=8543"}],"wp:term":[{"taxonomy":"category","embeddable":true,"href":"http:\/\/paroquiagloria.org\/v2\/index.php?rest_route=%2Fwp%2Fv2%2Fcategories&post=8543"},{"taxonomy":"post_tag","embeddable":true,"href":"http:\/\/paroquiagloria.org\/v2\/index.php?rest_route=%2Fwp%2Fv2%2Ftags&post=8543"}],"curies":[{"name":"wp","href":"https:\/\/api.w.org\/{rel}","templated":true}]}}