{"id":8537,"date":"2020-04-04T18:45:42","date_gmt":"2020-04-04T18:45:42","guid":{"rendered":"http:\/\/paroquiagloria.org\/v2\/?p=8537"},"modified":"2020-04-04T18:45:42","modified_gmt":"2020-04-04T18:45:42","slug":"cantinho-da-familia-17","status":"publish","type":"post","link":"http:\/\/paroquiagloria.org\/v2\/?p=8537","title":{"rendered":"\u201cCANTINHO DA FAM\u00cdLIA\u201d (17)"},"content":{"rendered":"<p><a href=\"http:\/\/paroquiagloria.org\/v2\/wp-content\/uploads\/2020\/03\/familia_completa.jpg\"><img loading=\"lazy\" class=\"size-full wp-image-8509 aligncenter\" src=\"http:\/\/paroquiagloria.org\/v2\/wp-content\/uploads\/2020\/03\/familia_completa.jpg\" alt=\"familia_completa\" width=\"800\" height=\"533\" srcset=\"http:\/\/paroquiagloria.org\/v2\/wp-content\/uploads\/2020\/03\/familia_completa.jpg 800w, http:\/\/paroquiagloria.org\/v2\/wp-content\/uploads\/2020\/03\/familia_completa-300x200.jpg 300w, http:\/\/paroquiagloria.org\/v2\/wp-content\/uploads\/2020\/03\/familia_completa-140x94.jpg 140w\" sizes=\"(max-width: 800px) 100vw, 800px\" \/><\/a><\/p>\n<p>&nbsp;<\/p>\n<p><strong>CELEBRAR E REZAR EM TEMPO DE PANDEMIA:<\/strong><\/p>\n<p><span style=\"color: #ff0000;\"><em>(Num espa\u00e7o preparado pela fam\u00edlia onde a mesma se ir\u00e1 reunir para esta Celebra\u00e7\u00e3o coloca-se no centro uma Cruz com a imagem de Cristo Crucificado. Deve estar florida. Junto dela uma candeia e a Sagrada Escritura aberta no Evangelho Segundo S\u00e3o Mateus 21, 1-11. Tamb\u00e9m pode colocar-se um ramo de Palmeira junto da Cruz. A Celebra\u00e7\u00e3o deve ser adaptada consoante a realidade familiar).<\/em><\/span><\/p>\n<p><em>\u00a0<\/em><\/p>\n<p><em>Deixa-se a proposta para durante a Semana Santa de Segunda a Quarta-feira todos os dias \u00e0s 12h a fam\u00edlia se encontrar em Ora\u00e7\u00e3o. Podem rezar o Angelus<\/em><\/p>\n<p><em>\u00a0<\/em><\/p>\n<p><strong><em>ANGELUS<\/em><\/strong><\/p>\n<p><strong>Pai:<\/strong> O Anjo do Senhor anunciou a Maria. E ela concebeu do Esp\u00edrito Santo.<\/p>\n<p><strong>Todos:<\/strong> <em>Ave Maria\u2026<\/em><\/p>\n<p><strong>M\u00e3e:<\/strong> Eis a serva do Senhor. Fa\u00e7a-se em Mim segundo a vossa Palavra.<\/p>\n<p><strong>Todos:<\/strong> <em>Ave Maria\u2026<\/em><\/p>\n<p><strong>Av\u00f3s:<\/strong> E o Verbo divino se fez carne. E habitou entre n\u00f3s.<\/p>\n<p>Todos: <em>Ave Maria\u2026<\/em><\/p>\n<p><strong>Pai:<\/strong> Rogai por n\u00f3s, santa M\u00e3e de Deus.<\/p>\n<p><strong>Todos:<\/strong> Para que sejamos dignos das promessas de Cristo<\/p>\n<p>P<strong>ai: <\/strong>Oremos: Infundi, Senhor, Vos pedimos, a Vossa gra\u00e7a em nossas almas: para que n\u00f3s, que, pela Anuncia\u00e7\u00e3o do Anjo, conhecemos a Encarna\u00e7\u00e3o de Cristo, Vosso Filho, pela Sua Paix\u00e3o e Morte de Cruz, sejamos conduzidos \u00e0 gl\u00f3ria da Ressurrei\u00e7\u00e3o. Por Jesus Cristo Nosso Senhor.<\/p>\n<p><strong>Todos:<\/strong> Amen<\/p>\n<p><strong>Todos:<\/strong> <em>Gl\u00f3ria ao Pai\u2026 (tr\u00eas vezes)<\/em><\/p>\n<p>&nbsp;<\/p>\n<p>SUBS\u00cdDIOS:<\/p>\n<ul>\n<li><a href=\"http:\/\/paroquiagloria.org\/v2\/wp-content\/uploads\/2020\/04\/DecretoCCDDS155_OraUnivPandemia_6fSanta.pdf\" target=\"_blank\">Decreto 155\/20<\/a><\/li>\n<li><a href=\"http:\/\/paroquiagloria.org\/v2\/wp-content\/uploads\/2020\/04\/DecretoCCDDS156_MissaPandemia.pdf\" target=\"_blank\">Decreto 155\/20<\/a><\/li>\n<li><a href=\"http:\/\/paroquiagloria.org\/v2\/wp-content\/uploads\/2020\/04\/CelebFamilDiaSenhorRamos.pdf\" target=\"_blank\">Celebrar em Fam\u00edlia o dia do Senhor<\/a><\/li>\n<li><a href=\"http:\/\/liturgia.pt\/files\/epidemia\/TriduoPascalFamilia.pdf\" target=\"_blank\">Para viver o\u00a0Tr\u00edduo Pascal\u00a0em fam\u00edlia<\/a><\/li>\n<li><a href=\"http:\/\/paroquiagloria.org\/v2\/wp-content\/uploads\/2020\/04\/SemSantaFamilia.pdf\" target=\"_blank\">Na esperan\u00e7a que sustenta a casa<\/a><\/li>\n<\/ul>\n<p>&nbsp;<\/p>\n","protected":false},"excerpt":{"rendered":"<p>&nbsp; CELEBRAR E REZAR EM TEMPO DE PANDEMIA: (Num espa\u00e7o preparado pela fam\u00edlia onde a mesma se ir\u00e1 reunir para esta Celebra\u00e7\u00e3o coloca-se no centro uma Cruz com a imagem de Cristo Crucificado. Deve estar florida. Junto dela uma candeia e a Sagrada Escritura aberta no Evangelho Segundo S\u00e3o Mateus 21, 1-11. Tamb\u00e9m pode colocar-se [&hellip;]<\/p>\n","protected":false},"author":1,"featured_media":8508,"comment_status":"open","ping_status":"closed","sticky":false,"template":"","format":"standard","meta":{"ngg_post_thumbnail":0},"categories":[1,4,2,6,22],"tags":[],"_links":{"self":[{"href":"http:\/\/paroquiagloria.org\/v2\/index.php?rest_route=\/wp\/v2\/posts\/8537"}],"collection":[{"href":"http:\/\/paroquiagloria.org\/v2\/index.php?rest_route=\/wp\/v2\/posts"}],"about":[{"href":"http:\/\/paroquiagloria.org\/v2\/index.php?rest_route=\/wp\/v2\/types\/post"}],"author":[{"embeddable":true,"href":"http:\/\/paroquiagloria.org\/v2\/index.php?rest_route=\/wp\/v2\/users\/1"}],"replies":[{"embeddable":true,"href":"http:\/\/paroquiagloria.org\/v2\/index.php?rest_route=%2Fwp%2Fv2%2Fcomments&post=8537"}],"version-history":[{"count":1,"href":"http:\/\/paroquiagloria.org\/v2\/index.php?rest_route=\/wp\/v2\/posts\/8537\/revisions"}],"predecessor-version":[{"id":8542,"href":"http:\/\/paroquiagloria.org\/v2\/index.php?rest_route=\/wp\/v2\/posts\/8537\/revisions\/8542"}],"wp:featuredmedia":[{"embeddable":true,"href":"http:\/\/paroquiagloria.org\/v2\/index.php?rest_route=\/wp\/v2\/media\/8508"}],"wp:attachment":[{"href":"http:\/\/paroquiagloria.org\/v2\/index.php?rest_route=%2Fwp%2Fv2%2Fmedia&parent=8537"}],"wp:term":[{"taxonomy":"category","embeddable":true,"href":"http:\/\/paroquiagloria.org\/v2\/index.php?rest_route=%2Fwp%2Fv2%2Fcategories&post=8537"},{"taxonomy":"post_tag","embeddable":true,"href":"http:\/\/paroquiagloria.org\/v2\/index.php?rest_route=%2Fwp%2Fv2%2Ftags&post=8537"}],"curies":[{"name":"wp","href":"https:\/\/api.w.org\/{rel}","templated":true}]}}