{"id":8531,"date":"2020-04-04T18:25:31","date_gmt":"2020-04-04T18:25:31","guid":{"rendered":"http:\/\/paroquiagloria.org\/v2\/?p=8531"},"modified":"2020-04-04T18:25:31","modified_gmt":"2020-04-04T18:25:31","slug":"semana-santa-triduo-pascal-e-vida-diocesana","status":"publish","type":"post","link":"http:\/\/paroquiagloria.org\/v2\/?p=8531","title":{"rendered":"Semana Santa, Tr\u00edduo Pascal e Vida Diocesana"},"content":{"rendered":"<p><a href=\"http:\/\/paroquiagloria.org\/v2\/wp-content\/uploads\/2020\/04\/dioceseAveiro.jpg\"><img loading=\"lazy\" class=\"size-full wp-image-8532 aligncenter\" src=\"http:\/\/paroquiagloria.org\/v2\/wp-content\/uploads\/2020\/04\/dioceseAveiro.jpg\" alt=\"dioceseAveiro\" width=\"960\" height=\"450\" srcset=\"http:\/\/paroquiagloria.org\/v2\/wp-content\/uploads\/2020\/04\/dioceseAveiro.jpg 960w, http:\/\/paroquiagloria.org\/v2\/wp-content\/uploads\/2020\/04\/dioceseAveiro-300x141.jpg 300w\" sizes=\"(max-width: 960px) 100vw, 960px\" \/><\/a><\/p>\n<p style=\"text-align: center;\"><em>em tempo de Covid-19<\/em><\/p>\n<p><em>\u00a0<\/em><\/p>\n<p>A partir dos Decretos da Congrega\u00e7\u00e3o para o Culto Divino e a Disciplina dos Sacramentos dos dias 19 e 25 de Mar\u00e7o, e da vida concreta lida \u00e0 luz da f\u00e9 crist\u00e3, brotam as seguintes orienta\u00e7\u00f5es:<\/p>\n<ol>\n<li>Fica suspensa a celebra\u00e7\u00e3o da\u00a0<strong>Missa Crismal<\/strong>\u00a0de Quinta feira Santa. Se as circunst\u00e2ncias o permitirem, celebr\u00e1-la-emos no dia 28 de junho, no dia da Festa das Fam\u00edlias. Nesse dia, far-se-\u00e1 a renova\u00e7\u00e3o das promessas sacerdotais e a b\u00ean\u00e7\u00e3o dos santos \u00f3leos, \u00e0 qual associamos as fam\u00edlias que se encontram em jubileu matrimonial, ao longo deste ano.<\/li>\n<li>Os Decretos da Congrega\u00e7\u00e3o para o Culto Divino acima referidos suscitam algumas\u00a0<strong>adapta\u00e7\u00f5es \u00e0 Semana Santa e ao Sagrado Tr\u00edduo<\/strong>. Ser\u00e1 enviado a todos os Sacerdotes um subs\u00eddio lit\u00fargico para esses mesmos dias.<\/li>\n<li>No seguimento do Decreto supracitado e para que todo o Povo de Deus da Diocese de Aveiro se possa associar espiritualmente, informa-se que o bispo diocesano, celebra sem a presen\u00e7a de fi\u00e9is, o\u00a0<strong>Tr\u00edduo Pascal<\/strong>\u00a0nas seguintes horas: a Ceia do Senhor, na quinta-feira, dia 9, \u00e0s 21h00; a Paix\u00e3o do Senhor, na Sexta-Feira Santa, \u00e0s 17h00, a Vig\u00edlia Pascal, no S\u00e1bado Santo, \u00e0s 21h00. No Domingo de P\u00e1scoa da Ressurrei\u00e7\u00e3o do Senhor, a celebra\u00e7\u00e3o da Eucaristia ser\u00e1 \u00e0s 10h00. Estas celebra\u00e7\u00f5es ser\u00e3o transmitidas on-line, pelos meios de transmiss\u00e3o da Diocese.<\/li>\n<li>Recomenda-se que\u00a0<strong>os Sacerdotes e os Di\u00e1conos se associem entre si nas celebra\u00e7\u00f5es da Semana Santa e do Tr\u00edduo Pascal<\/strong>, mas respeitando as normas de sa\u00fade em vigor quanto ao n\u00famero de ministros ordenados presentes.<\/li>\n<li>A celebra\u00e7\u00e3o dos\u00a0<strong>Sacramentos da Inicia\u00e7\u00e3o Crist\u00e3<\/strong>, anteriormente agendados para a Vig\u00edlia Pascal, ser\u00e3o remarcados, caso a caso, para ocasi\u00e3o oportuna.<\/li>\n<li>Sabendo o qu\u00e3o significativo e belo \u00e9 o\u00a0<strong>an\u00fancio festivo da Ressurrei\u00e7\u00e3o do Senhor<\/strong>\u00a0nas nossas Comunidades Paroquiais, sugerimos que, quando as circunst\u00e2ncias o permitirem, se escolha um dia, durante o Tempo Pascal, para o realizar.<\/li>\n<li>Para que todo o Povo de Deus mantenha viva a<strong>\u00a0centralidade da Ressurrei\u00e7\u00e3o<\/strong>, no Dia de P\u00e1scoa, toquem-se os sinos como sinal festivo, \u00e0s horas julgadas mais convenientes.<\/li>\n<li>Pedimos que todos os fi\u00e9is procurem beneficiar de todos os\u00a0<strong>aux\u00edlios dispon\u00edveis para a viv\u00eancia deste tempo que \u00e9 basilar para a nossa f\u00e9<\/strong>, quer atrav\u00e9s das celebra\u00e7\u00f5es transmitidas pelos meios de comunica\u00e7\u00e3o e redes sociais, quer atrav\u00e9s de tantos instrumentos de ora\u00e7\u00e3o, destacando-se a\u00a0<em>Liturgia das Horas<\/em>.<\/li>\n<li>Informamos que foi criada, para este tempo concreto, uma\u00a0<strong>linha telef\u00f3nica de acompanhamento<\/strong>\u00a0(Linha\u00a0<em>CoVive<\/em>), para quantos necessitem, garantindo-se o atendimento por parte dos Sacerdotes da Casa Episcopal. Este servi\u00e7o concretiza-se por meio destes hor\u00e1rios e respetivos contactos, todos os dias da semana:<\/li>\n<\/ol>\n<p style=\"padding-left: 210px;\">Das 10h00 \u00e0s 12h00 \u2013 Telefone 234\u00a0404\u00a0908;<\/p>\n<p style=\"padding-left: 210px;\">Das 14h00 \u00e0s 16h00 \u2013 Telefone 234\u00a0404\u00a0900;<\/p>\n<p style=\"padding-left: 210px;\">Das 16h00 \u00e0s 17h30 \u2013 Telefone 234\u00a0404\u00a0906<\/p>\n<ol start=\"10\">\n<li>Como nos foi pedido na Nota Episcopal de 11 de Mar\u00e7o, refor\u00e7amos a necess\u00e1ria\u00a0<strong>colabora\u00e7\u00e3o de todos com as normas das autoridades civis e sanit\u00e1rias<\/strong>, apostando na devida preven\u00e7\u00e3o. Permanecer em casa \u00e9 um ato de amor crist\u00e3o e de respeito para as outras pessoas.<\/li>\n<\/ol>\n<p style=\"text-align: right;\">\n<p style=\"text-align: right;\">C\u00faria Diocesana de Aveiro,<\/p>\n<p style=\"text-align: right;\">29 de Mar\u00e7o de 2020<\/p>\n<p style=\"text-align: right;\"><a href=\"http:\/\/www.diocese-aveiro.pt\/v2\/?p=19190\" target=\"_blank\">Fonte<\/a><\/p>\n","protected":false},"excerpt":{"rendered":"<p>em tempo de Covid-19 \u00a0 A partir dos Decretos da Congrega\u00e7\u00e3o para o Culto Divino e a Disciplina dos Sacramentos dos dias 19 e 25 de Mar\u00e7o, e da vida concreta lida \u00e0 luz da f\u00e9 crist\u00e3, brotam as seguintes orienta\u00e7\u00f5es: Fica suspensa a celebra\u00e7\u00e3o da\u00a0Missa Crismal\u00a0de Quinta feira Santa. Se as circunst\u00e2ncias o permitirem, [&hellip;]<\/p>\n","protected":false},"author":1,"featured_media":8532,"comment_status":"open","ping_status":"closed","sticky":false,"template":"","format":"standard","meta":{"ngg_post_thumbnail":0},"categories":[1,4,2,6,22],"tags":[],"_links":{"self":[{"href":"http:\/\/paroquiagloria.org\/v2\/index.php?rest_route=\/wp\/v2\/posts\/8531"}],"collection":[{"href":"http:\/\/paroquiagloria.org\/v2\/index.php?rest_route=\/wp\/v2\/posts"}],"about":[{"href":"http:\/\/paroquiagloria.org\/v2\/index.php?rest_route=\/wp\/v2\/types\/post"}],"author":[{"embeddable":true,"href":"http:\/\/paroquiagloria.org\/v2\/index.php?rest_route=\/wp\/v2\/users\/1"}],"replies":[{"embeddable":true,"href":"http:\/\/paroquiagloria.org\/v2\/index.php?rest_route=%2Fwp%2Fv2%2Fcomments&post=8531"}],"version-history":[{"count":1,"href":"http:\/\/paroquiagloria.org\/v2\/index.php?rest_route=\/wp\/v2\/posts\/8531\/revisions"}],"predecessor-version":[{"id":8533,"href":"http:\/\/paroquiagloria.org\/v2\/index.php?rest_route=\/wp\/v2\/posts\/8531\/revisions\/8533"}],"wp:featuredmedia":[{"embeddable":true,"href":"http:\/\/paroquiagloria.org\/v2\/index.php?rest_route=\/wp\/v2\/media\/8532"}],"wp:attachment":[{"href":"http:\/\/paroquiagloria.org\/v2\/index.php?rest_route=%2Fwp%2Fv2%2Fmedia&parent=8531"}],"wp:term":[{"taxonomy":"category","embeddable":true,"href":"http:\/\/paroquiagloria.org\/v2\/index.php?rest_route=%2Fwp%2Fv2%2Fcategories&post=8531"},{"taxonomy":"post_tag","embeddable":true,"href":"http:\/\/paroquiagloria.org\/v2\/index.php?rest_route=%2Fwp%2Fv2%2Ftags&post=8531"}],"curies":[{"name":"wp","href":"https:\/\/api.w.org\/{rel}","templated":true}]}}