{"id":8520,"date":"2020-03-24T13:59:37","date_gmt":"2020-03-24T13:59:37","guid":{"rendered":"http:\/\/paroquiagloria.org\/v2\/?p=8520"},"modified":"2020-03-24T14:10:04","modified_gmt":"2020-03-24T14:10:04","slug":"oracao-do-rosario-dia-da-anunciacao-do-anjo-a-nossa-senhora","status":"publish","type":"post","link":"http:\/\/paroquiagloria.org\/v2\/?p=8520","title":{"rendered":"ORA\u00c7\u00c3O DO ROS\u00c1RIO &#8211; Dia da Anuncia\u00e7\u00e3o do Anjo a Nossa Senhora"},"content":{"rendered":"<p><a href=\"http:\/\/paroquiagloria.org\/v2\/wp-content\/uploads\/2019\/05\/banner_terco_ora.jpg\"><img loading=\"lazy\" class=\"size-full wp-image-7666 aligncenter\" src=\"http:\/\/paroquiagloria.org\/v2\/wp-content\/uploads\/2019\/05\/banner_terco_ora.jpg\" alt=\"banner_terco_ora\" width=\"960\" height=\"450\" srcset=\"http:\/\/paroquiagloria.org\/v2\/wp-content\/uploads\/2019\/05\/banner_terco_ora.jpg 960w, http:\/\/paroquiagloria.org\/v2\/wp-content\/uploads\/2019\/05\/banner_terco_ora-300x141.jpg 300w\" sizes=\"(max-width: 960px) 100vw, 960px\" \/><\/a><\/p>\n<p class=\"x_MsoNormal\"><b><i><span lang=\"PT\">Queridos Paroquianos<u><\/u><u><\/u><\/span><\/i><\/b><\/p>\n<p class=\"x_MsoNormal\"><b><i><span lang=\"PT\">Na pr\u00f3xima quarta-feira, <\/span><\/i><\/b><span style=\"color: #ffff99;\"><strong><i><span lang=\"PT\">25 de Mar\u00e7o<\/span><\/i><\/strong><\/span><b><i><span lang=\"PT\">, dia da Anuncia\u00e7\u00e3o do Anjo a Nossa Senhora, os bispos de Portugal v\u00e3o fazer a consagra\u00e7\u00e3o do nosso pa\u00eds ao Cora\u00e7\u00e3o de Jesus e de Maria em cerim\u00f3nia a ser<span style=\"color: #ffff99;\"> transmitida pela r\u00e1dio e TV \u00e0s 18h30 do santu\u00e1rio de F\u00e1tima<\/span>.<\/span><\/i><\/b><\/p>\n<p class=\"x_MsoNormal\"><b><i><span lang=\"PT\">Ao mesmo tempo cada Bispo far\u00e1 a consagra\u00e7\u00e3o da sua diocese.<u><\/u><u><\/u><\/span><\/i><\/b><\/p>\n<p class=\"x_MsoNormal\"><b><i><span lang=\"PT\"><span style=\"color: #0000ff;\"><span style=\"color: #ffff99;\">Pedimos a todas as fam\u00edlias crist\u00e3s da nossa par\u00f3quia que nesse dia, pelas 21h00 fa\u00e7am a consagra\u00e7\u00e3o em cada fam\u00edlia<\/span>.<\/span><u><\/u><u><\/u><\/span><\/i><\/b><\/p>\n<p class=\"x_MsoNormal\"><b><i><span lang=\"PT\">Para isso, dois gestos: <span style=\"color: #ffff99;\">a ora\u00e7\u00e3o do ter\u00e7o e uma vela na janela da nossa casa<\/span>, de todas as casas da Diocese. Ser\u00e1 esse um grande sinal da nossa comunh\u00e3o.<u><\/u><u><\/u><\/span><\/i><\/b><\/p>\n<p class=\"x_MsoNormal\"><b><i><span lang=\"PT\">Apresentamos aqui, para quem desejar descarregar, um <span style=\"color: #ff99cc;\"><a style=\"color: #ff99cc;\" href=\"http:\/\/paroquiagloria.org\/v2\/wp-content\/uploads\/2020\/03\/Ora\u00e7\u00e3o-do-Ros\u00e1rio-25.03.2020.pdf\" target=\"_blank\">esquema<\/a><\/span> comum para a ora\u00e7\u00e3o do ter\u00e7o nesta quarta-feira.<u><\/u><u><\/u><\/span><\/i><\/b><\/p>\n<p class=\"x_MsoNormal\"><b><i><span lang=\"PT\"><u><\/u>\u00a0<u><\/u><\/span><\/i><\/b><\/p>\n<p class=\"x_MsoNormal\"><b><i><span lang=\"PT\">Desejamos uma boa semana a todos, com \u00e2nimo e coragem.<\/span><\/i><\/b><\/p>\n<p class=\"x_MsoNormal\">\n<p class=\"x_MsoNormal\"><a href=\"http:\/\/paroquiagloria.org\/v2\/wp-content\/uploads\/2020\/03\/anunciacao25mar2020.jpg\"><img loading=\"lazy\" class=\"size-full wp-image-8525 aligncenter\" src=\"http:\/\/paroquiagloria.org\/v2\/wp-content\/uploads\/2020\/03\/anunciacao25mar2020.jpg\" alt=\"anunciacao25mar2020\" width=\"960\" height=\"368\" srcset=\"http:\/\/paroquiagloria.org\/v2\/wp-content\/uploads\/2020\/03\/anunciacao25mar2020.jpg 960w, http:\/\/paroquiagloria.org\/v2\/wp-content\/uploads\/2020\/03\/anunciacao25mar2020-300x115.jpg 300w\" sizes=\"(max-width: 960px) 100vw, 960px\" \/><\/a><\/p>\n<p>&nbsp;<\/p>\n","protected":false},"excerpt":{"rendered":"<p>Queridos Paroquianos Na pr\u00f3xima quarta-feira, 25 de Mar\u00e7o, dia da Anuncia\u00e7\u00e3o do Anjo a Nossa Senhora, os bispos de Portugal v\u00e3o fazer a consagra\u00e7\u00e3o do nosso pa\u00eds ao Cora\u00e7\u00e3o de Jesus e de Maria em cerim\u00f3nia a ser transmitida pela r\u00e1dio e TV \u00e0s 18h30 do santu\u00e1rio de F\u00e1tima. Ao mesmo tempo cada Bispo far\u00e1 [&hellip;]<\/p>\n","protected":false},"author":1,"featured_media":7666,"comment_status":"open","ping_status":"closed","sticky":false,"template":"","format":"standard","meta":{"ngg_post_thumbnail":0},"categories":[1,4,6],"tags":[],"_links":{"self":[{"href":"http:\/\/paroquiagloria.org\/v2\/index.php?rest_route=\/wp\/v2\/posts\/8520"}],"collection":[{"href":"http:\/\/paroquiagloria.org\/v2\/index.php?rest_route=\/wp\/v2\/posts"}],"about":[{"href":"http:\/\/paroquiagloria.org\/v2\/index.php?rest_route=\/wp\/v2\/types\/post"}],"author":[{"embeddable":true,"href":"http:\/\/paroquiagloria.org\/v2\/index.php?rest_route=\/wp\/v2\/users\/1"}],"replies":[{"embeddable":true,"href":"http:\/\/paroquiagloria.org\/v2\/index.php?rest_route=%2Fwp%2Fv2%2Fcomments&post=8520"}],"version-history":[{"count":4,"href":"http:\/\/paroquiagloria.org\/v2\/index.php?rest_route=\/wp\/v2\/posts\/8520\/revisions"}],"predecessor-version":[{"id":8526,"href":"http:\/\/paroquiagloria.org\/v2\/index.php?rest_route=\/wp\/v2\/posts\/8520\/revisions\/8526"}],"wp:featuredmedia":[{"embeddable":true,"href":"http:\/\/paroquiagloria.org\/v2\/index.php?rest_route=\/wp\/v2\/media\/7666"}],"wp:attachment":[{"href":"http:\/\/paroquiagloria.org\/v2\/index.php?rest_route=%2Fwp%2Fv2%2Fmedia&parent=8520"}],"wp:term":[{"taxonomy":"category","embeddable":true,"href":"http:\/\/paroquiagloria.org\/v2\/index.php?rest_route=%2Fwp%2Fv2%2Fcategories&post=8520"},{"taxonomy":"post_tag","embeddable":true,"href":"http:\/\/paroquiagloria.org\/v2\/index.php?rest_route=%2Fwp%2Fv2%2Ftags&post=8520"}],"curies":[{"name":"wp","href":"https:\/\/api.w.org\/{rel}","templated":true}]}}