{"id":8516,"date":"2020-03-19T15:27:57","date_gmt":"2020-03-19T15:27:57","guid":{"rendered":"http:\/\/paroquiagloria.org\/v2\/?p=8516"},"modified":"2020-03-24T13:52:54","modified_gmt":"2020-03-24T13:52:54","slug":"triduo-senhor-dos-passos-2020-cancelado","status":"publish","type":"post","link":"http:\/\/paroquiagloria.org\/v2\/?p=8516","title":{"rendered":"Tr\u00edduo Senhor dos Passos 2020 &#8211; CANCELADO"},"content":{"rendered":"<p><a href=\"http:\/\/paroquiagloria.org\/v2\/wp-content\/uploads\/2020\/03\/srPassos_Cancelado.jpg\"><img loading=\"lazy\" class=\"alignnone size-full wp-image-8517\" src=\"http:\/\/paroquiagloria.org\/v2\/wp-content\/uploads\/2020\/03\/srPassos_Cancelado.jpg\" alt=\"srPassos_Cancelado\" width=\"960\" height=\"639\" srcset=\"http:\/\/paroquiagloria.org\/v2\/wp-content\/uploads\/2020\/03\/srPassos_Cancelado.jpg 960w, http:\/\/paroquiagloria.org\/v2\/wp-content\/uploads\/2020\/03\/srPassos_Cancelado-300x200.jpg 300w, http:\/\/paroquiagloria.org\/v2\/wp-content\/uploads\/2020\/03\/srPassos_Cancelado-140x94.jpg 140w\" sizes=\"(max-width: 960px) 100vw, 960px\" \/><\/a><\/p>\n<p>Com o estado atual de emerg\u00eancia nacional, devido \u00e0 epidemia do Corona Virus, o Tr\u00edduo do Senhor dos Passos foi cancelado.<\/p>\n<p>A Irmandade do Senhor dos Passos agradece a todos quantos se disponibilizaram para que a Prociss\u00e3o do Senhor dos Passos se realizasse.<\/p>\n<p>&nbsp;<\/p>\n<p>&nbsp;<\/p>\n","protected":false},"excerpt":{"rendered":"<p>Com o estado atual de emerg\u00eancia nacional, devido \u00e0 epidemia do Corona Virus, o Tr\u00edduo do Senhor dos Passos foi cancelado. A Irmandade do Senhor dos Passos agradece a todos quantos se disponibilizaram para que a Prociss\u00e3o do Senhor dos Passos se realizasse. &nbsp; &nbsp;<\/p>\n","protected":false},"author":1,"featured_media":8517,"comment_status":"open","ping_status":"closed","sticky":false,"template":"","format":"standard","meta":{"ngg_post_thumbnail":0},"categories":[1,4,6],"tags":[],"_links":{"self":[{"href":"http:\/\/paroquiagloria.org\/v2\/index.php?rest_route=\/wp\/v2\/posts\/8516"}],"collection":[{"href":"http:\/\/paroquiagloria.org\/v2\/index.php?rest_route=\/wp\/v2\/posts"}],"about":[{"href":"http:\/\/paroquiagloria.org\/v2\/index.php?rest_route=\/wp\/v2\/types\/post"}],"author":[{"embeddable":true,"href":"http:\/\/paroquiagloria.org\/v2\/index.php?rest_route=\/wp\/v2\/users\/1"}],"replies":[{"embeddable":true,"href":"http:\/\/paroquiagloria.org\/v2\/index.php?rest_route=%2Fwp%2Fv2%2Fcomments&post=8516"}],"version-history":[{"count":2,"href":"http:\/\/paroquiagloria.org\/v2\/index.php?rest_route=\/wp\/v2\/posts\/8516\/revisions"}],"predecessor-version":[{"id":8519,"href":"http:\/\/paroquiagloria.org\/v2\/index.php?rest_route=\/wp\/v2\/posts\/8516\/revisions\/8519"}],"wp:featuredmedia":[{"embeddable":true,"href":"http:\/\/paroquiagloria.org\/v2\/index.php?rest_route=\/wp\/v2\/media\/8517"}],"wp:attachment":[{"href":"http:\/\/paroquiagloria.org\/v2\/index.php?rest_route=%2Fwp%2Fv2%2Fmedia&parent=8516"}],"wp:term":[{"taxonomy":"category","embeddable":true,"href":"http:\/\/paroquiagloria.org\/v2\/index.php?rest_route=%2Fwp%2Fv2%2Fcategories&post=8516"},{"taxonomy":"post_tag","embeddable":true,"href":"http:\/\/paroquiagloria.org\/v2\/index.php?rest_route=%2Fwp%2Fv2%2Ftags&post=8516"}],"curies":[{"name":"wp","href":"https:\/\/api.w.org\/{rel}","templated":true}]}}