{"id":8505,"date":"2020-03-14T16:43:21","date_gmt":"2020-03-14T16:43:21","guid":{"rendered":"http:\/\/paroquiagloria.org\/v2\/?p=8505"},"modified":"2020-03-14T16:43:21","modified_gmt":"2020-03-14T16:43:21","slug":"cantinho-da-familia-16","status":"publish","type":"post","link":"http:\/\/paroquiagloria.org\/v2\/?p=8505","title":{"rendered":"&#8220;CANTINHO DA FAM\u00cdLIA&#8221; (16)"},"content":{"rendered":"<p><a href=\"http:\/\/paroquiagloria.org\/v2\/wp-content\/uploads\/2020\/03\/familia_completa.jpg\"><img loading=\"lazy\" class=\"size-full wp-image-8509 aligncenter\" src=\"http:\/\/paroquiagloria.org\/v2\/wp-content\/uploads\/2020\/03\/familia_completa.jpg\" alt=\"familia_completa\" width=\"800\" height=\"533\" srcset=\"http:\/\/paroquiagloria.org\/v2\/wp-content\/uploads\/2020\/03\/familia_completa.jpg 800w, http:\/\/paroquiagloria.org\/v2\/wp-content\/uploads\/2020\/03\/familia_completa-300x200.jpg 300w, http:\/\/paroquiagloria.org\/v2\/wp-content\/uploads\/2020\/03\/familia_completa-140x94.jpg 140w\" sizes=\"(max-width: 800px) 100vw, 800px\" \/><\/a><\/p>\n<p>&nbsp;<\/p>\n<h3>Os meios tecnol\u00f3gicos s\u00e3o um bem que \u00e9 preciso saber usar. Tamb\u00e9m\u00a0 na fam\u00edlia.<\/h3>\n<h3>Vejamos o que o Papa Francisco escreve na sua Exorta\u00e7\u00e3o Apost\u00f3lica sobre o assunto:<\/h3>\n<p>O encontro educativo entre pais e filhos pode ser facilitado ou prejudicado prejudicado pelas tecnologias de comunica\u00e7\u00e3o e distrac\u00e7\u00e3o cada vez mais sofisticadas. Bem utilizadas podem ser \u00fateis para p\u00f4r em contacto os membros da fam\u00edlia que vivem longe.<\/p>\n<p>Mas deve ficar claro que n\u00e3o substituem nem preenchem a necessidade do di\u00e1logo mais pessoal e profundo que requer o contacto f\u00edsico ou, pelo menos, a voz de outra pessoa. Sabemos que, \u00e0s vezes, estes meios afastam em vez de aproximar, como quando, \u00e0 hora da refei\u00e7\u00e3o, cada um est\u00e1 concentrado no seu telem\u00f3vel ou quando um dos c\u00f4njuges adormece \u00e0 espera do outro que passa horas entretido com algum dispositivo electr\u00f3nico.<\/p>\n<p>Na fam\u00edlia, tamb\u00e9m isto deve ser motivo de di\u00e1logo e de acordos que permitam dar prioridade ao encontro dos seus membros sem cair em proibi\u00e7\u00f5es insensatas. Em todo o caso, n\u00e3o se podem ignorar os riscos das novas formas de comunica\u00e7\u00e3o\u00a0para as crian\u00e7as e adolescentes,<\/p>\n<p>chegando \u00e0s vezes a torn\u00e1-los ap\u00e1ticos, desligados do mundo real. Este &#8220;autismo tecnol\u00f3gico&#8221; exp\u00f5e-nos mais facilmente \u00e0s manipula\u00e7\u00f5es daqueles que procuram entrar na sua intimidade com interesses ego\u00edstas.<\/p>\n<p>Mas tamb\u00e9m n\u00e3o \u00e9 bom que os pais se tornem seres omnipotentes para os seus filhos, de modo que estes s\u00f3 poderiam confiar neles, porque assim impedem um processo adequado de socializa\u00e7\u00e3o e amadurecimento afectivo.&#8221;<\/p>\n<p>&nbsp;<\/p>\n<h5 style=\"text-align: right;\">(n\u00b0278\/279 da Exorta\u00e7\u00e3o Apost\u00f3lica do Papa Francisco &#8220;Amoris Laetitia&#8221;)<\/h5>\n<p>&nbsp;<\/p>\n<p>&nbsp;<\/p>\n\r\n\t\t\t<div class='et-tabs-container et_sliderfx_fade et_sliderauto_false et_sliderauto_speed_5000 et_slidertype_top_tabs'>\r\n\t\t\t\t<ul class='et-tabs-control'>\r\n\t\t\t<li><a href='#'>\r\n\t\t\t\r\n\t\t<\/a><\/li>\r\n\t\t<\/ul> <!-- .et-tabs-control --> \r\n\t\t<div class='et-tabs-content'>\r\n\t\t\t<div class='et-tabs-content-wrapper'>\r\n\t\t\t\t<div class='et_slidecontent'>\r\n\t\t\t<span style=\"color: #ff0000;\"><strong>Ora\u00e7\u00e3o de Ben\u00e7\u00e3o para a mesa durante a semana:<\/strong><\/span>\u00a0Aben\u00e7oa, Senhor, a nossa refei\u00e7\u00e3o, A fam\u00edlia que se re\u00fane \u00e0 volta desta mesa. Que estes alimentos nos ajudem a caminhar para Ti E a sermos solid\u00e1rios com os que mais precisam. Gl\u00f3ria ao Pai, ao Filho e ao Esp\u00edrito Santo, Como era no princ\u00edpio, agora e sempre. Am\u00e9m\r\n\t\t<\/div>\r\n\t\t\t<\/div>\r\n\t\t<\/div>\r\n\t\t\t<\/div> <!-- .et-tabs-container -->\n","protected":false},"excerpt":{"rendered":"<p>&nbsp; Os meios tecnol\u00f3gicos s\u00e3o um bem que \u00e9 preciso saber usar. Tamb\u00e9m\u00a0 na fam\u00edlia. Vejamos o que o Papa Francisco escreve na sua Exorta\u00e7\u00e3o Apost\u00f3lica sobre o assunto: O encontro educativo entre pais e filhos pode ser facilitado ou prejudicado prejudicado pelas tecnologias de comunica\u00e7\u00e3o e distrac\u00e7\u00e3o cada vez mais sofisticadas. Bem utilizadas podem [&hellip;]<\/p>\n","protected":false},"author":1,"featured_media":8508,"comment_status":"open","ping_status":"closed","sticky":false,"template":"","format":"standard","meta":{"ngg_post_thumbnail":0},"categories":[1,4,2,6,22],"tags":[],"_links":{"self":[{"href":"http:\/\/paroquiagloria.org\/v2\/index.php?rest_route=\/wp\/v2\/posts\/8505"}],"collection":[{"href":"http:\/\/paroquiagloria.org\/v2\/index.php?rest_route=\/wp\/v2\/posts"}],"about":[{"href":"http:\/\/paroquiagloria.org\/v2\/index.php?rest_route=\/wp\/v2\/types\/post"}],"author":[{"embeddable":true,"href":"http:\/\/paroquiagloria.org\/v2\/index.php?rest_route=\/wp\/v2\/users\/1"}],"replies":[{"embeddable":true,"href":"http:\/\/paroquiagloria.org\/v2\/index.php?rest_route=%2Fwp%2Fv2%2Fcomments&post=8505"}],"version-history":[{"count":1,"href":"http:\/\/paroquiagloria.org\/v2\/index.php?rest_route=\/wp\/v2\/posts\/8505\/revisions"}],"predecessor-version":[{"id":8510,"href":"http:\/\/paroquiagloria.org\/v2\/index.php?rest_route=\/wp\/v2\/posts\/8505\/revisions\/8510"}],"wp:featuredmedia":[{"embeddable":true,"href":"http:\/\/paroquiagloria.org\/v2\/index.php?rest_route=\/wp\/v2\/media\/8508"}],"wp:attachment":[{"href":"http:\/\/paroquiagloria.org\/v2\/index.php?rest_route=%2Fwp%2Fv2%2Fmedia&parent=8505"}],"wp:term":[{"taxonomy":"category","embeddable":true,"href":"http:\/\/paroquiagloria.org\/v2\/index.php?rest_route=%2Fwp%2Fv2%2Fcategories&post=8505"},{"taxonomy":"post_tag","embeddable":true,"href":"http:\/\/paroquiagloria.org\/v2\/index.php?rest_route=%2Fwp%2Fv2%2Ftags&post=8505"}],"curies":[{"name":"wp","href":"https:\/\/api.w.org\/{rel}","templated":true}]}}