{"id":8489,"date":"2020-03-13T15:28:58","date_gmt":"2020-03-13T15:28:58","guid":{"rendered":"http:\/\/paroquiagloria.org\/v2\/?p=8489"},"modified":"2020-03-24T18:38:34","modified_gmt":"2020-03-24T18:38:34","slug":"novas-indicacoes-sobre-a-atual-situacao-de-emergencia-provocada-pelo-covid-19","status":"publish","type":"post","link":"http:\/\/paroquiagloria.org\/v2\/?p=8489","title":{"rendered":"Novas indica\u00e7\u00f5es sobre a atual situa\u00e7\u00e3o de emerg\u00eancia provocada pelo Covid-19"},"content":{"rendered":"<p><a href=\"http:\/\/paroquiagloria.org\/v2\/wp-content\/uploads\/2016\/04\/paroquia.jpg\"><img loading=\"lazy\" class=\"size-full wp-image-4310 aligncenter\" src=\"http:\/\/paroquiagloria.org\/v2\/wp-content\/uploads\/2016\/04\/paroquia.jpg\" alt=\"paroquia\" width=\"960\" height=\"450\" srcset=\"http:\/\/paroquiagloria.org\/v2\/wp-content\/uploads\/2016\/04\/paroquia.jpg 960w, http:\/\/paroquiagloria.org\/v2\/wp-content\/uploads\/2016\/04\/paroquia-300x141.jpg 300w\" sizes=\"(max-width: 960px) 100vw, 960px\" \/><\/a><\/p>\n<p>&nbsp;<\/p>\n<p>Informamos as novas delibera\u00e7\u00f5es relativas ao COVID-19.<br \/>\nCom efeitos imediatos, ficam suspensas todas as celebra\u00e7\u00f5es comunit\u00e1rias da Santa Missa.A nossa Igreja manter-se-\u00e1\u00a0fechada\u00a0durante este per\u00edodo, abrindo apenas das 14h30 \u00e0s 18h para quem procurar um momento de recolhimento e de ora\u00e7\u00e3o.<br \/>\nPe\u00e7amos \u00e0 M\u00e3e do C\u00e9u a sua protec\u00e7\u00e3o e intercess\u00e3o neste momento de afli\u00e7\u00e3o.<\/p>\n<p>______________________________________________________<\/p>\n<p><a href=\"http:\/\/paroquiagloria.org\/v2\/wp-content\/uploads\/2020\/03\/banner-geral-com-paroquias.jpg\"><img loading=\"lazy\" class=\"size-full wp-image-8491 aligncenter\" src=\"http:\/\/paroquiagloria.org\/v2\/wp-content\/uploads\/2020\/03\/banner-geral-com-paroquias.jpg\" alt=\"banner-geral-com-paroquias\" width=\"960\" height=\"340\" srcset=\"http:\/\/paroquiagloria.org\/v2\/wp-content\/uploads\/2020\/03\/banner-geral-com-paroquias.jpg 960w, http:\/\/paroquiagloria.org\/v2\/wp-content\/uploads\/2020\/03\/banner-geral-com-paroquias-300x106.jpg 300w\" sizes=\"(max-width: 960px) 100vw, 960px\" \/><\/a><\/p>\n<p>Na manh\u00e3 deste dia, foi determinado pela Confer\u00eancia Episcopal Portuguesa a suspens\u00e3o, em todo o pa\u00eds, da celebra\u00e7\u00e3o comunit\u00e1ria da Santa Missa at\u00e9 ser superada a atual situa\u00e7\u00e3o de emerg\u00eancia provocada pelo Covid-19. Esta suspens\u00e3o deve ocorrer j\u00e1 a partir de hoje e \u00e9 de cumprimento obrigat\u00f3rio.<\/p>\n<p>Algumas das normas que demos no passado dia 11 de mar\u00e7o j\u00e1 est\u00e3o ultrapassadas, mas pe\u00e7o a vossa colabora\u00e7\u00e3o para os fi\u00e9is continuarem a fazer a ora\u00e7\u00e3o pessoal e familiar, recomendar a leitura e a medita\u00e7\u00e3o da Palavra de Deus e que participem, na medida do poss\u00edvel, via TV, r\u00e1dio ou internet na celebra\u00e7\u00e3o da Eucaristia dominical.<\/p>\n<p>Pe\u00e7o tamb\u00e9m a vossa aten\u00e7\u00e3o no sentido destas medidas cautelares serem aplicadas, segundo as circunst\u00e2ncias, a outras celebra\u00e7\u00f5es, tais como batismos, casamentos e, sobretudo, funerais. \u00c9 de evitar os cortejos f\u00fanebres e o aglomerado de muitas pessoas.<\/p>\n<p>Subscrevo-me com estima e em ora\u00e7\u00e3o por este momento dif\u00edcil que todos vivemos e no qual temos o dever de colaborar com as autoridades sanit\u00e1rias naquilo que estiver ao nosso alcance.<\/p>\n<p>Aveiro, 13 de mar\u00e7o de 2020.<\/p>\n<p><em>+ Ant\u00f3nio Manuel Moiteiro Ramos, bispo de Aveiro<\/em><\/p>\n<hr \/>\n<p><a href=\"http:\/\/paroquiagloria.org\/v2\/wp-content\/uploads\/2020\/03\/CEP.jpg\"><img loading=\"lazy\" class=\"size-full wp-image-8490 aligncenter\" src=\"http:\/\/paroquiagloria.org\/v2\/wp-content\/uploads\/2020\/03\/CEP.jpg\" alt=\"CEP\" width=\"447\" height=\"149\" srcset=\"http:\/\/paroquiagloria.org\/v2\/wp-content\/uploads\/2020\/03\/CEP.jpg 447w, http:\/\/paroquiagloria.org\/v2\/wp-content\/uploads\/2020\/03\/CEP-300x100.jpg 300w\" sizes=\"(max-width: 447px) 100vw, 447px\" \/><\/a><\/p>\n<p><strong>Comunicado da Confer\u00eancia Episcopal Portuguesa<\/strong><\/p>\n<p>Em conson\u00e2ncia com as indica\u00e7\u00f5es do Governo e das autoridades de sa\u00fade, a Confer\u00eancia Episcopal Portuguesa determina que os sacerdotes suspendam a celebra\u00e7\u00e3o comunit\u00e1ria da Santa Missa at\u00e9 ser superada a atual situa\u00e7\u00e3o de emerg\u00eancia.<\/p>\n<p>Tamb\u00e9m devem seguir-se as indica\u00e7\u00f5es diocesanas referentes a outros sacramentos e atos de culto, bem como \u00e0 suspens\u00e3o de catequeses e reuni\u00f5es.<\/p>\n<p>Estas medidas devem ser complementadas com as poss\u00edveis ofertas celebrativas na televis\u00e3o, r\u00e1dio e internet.<\/p>\n<p>Permane\u00e7amos em ora\u00e7\u00e3o pessoal e familiar, biblicamente alimentada, confiados na gra\u00e7a divina e na boa vontade de todos.<\/p>\n<p><em>Lisboa, 13 de mar\u00e7o de 2020<\/em><\/p>\n","protected":false},"excerpt":{"rendered":"<p>&nbsp; Informamos as novas delibera\u00e7\u00f5es relativas ao COVID-19. Com efeitos imediatos, ficam suspensas todas as celebra\u00e7\u00f5es comunit\u00e1rias da Santa Missa.A nossa Igreja manter-se-\u00e1\u00a0fechada\u00a0durante este per\u00edodo, abrindo apenas das 14h30 \u00e0s 18h para quem procurar um momento de recolhimento e de ora\u00e7\u00e3o. Pe\u00e7amos \u00e0 M\u00e3e do C\u00e9u a sua protec\u00e7\u00e3o e intercess\u00e3o neste momento de afli\u00e7\u00e3o. [&hellip;]<\/p>\n","protected":false},"author":1,"featured_media":8464,"comment_status":"open","ping_status":"closed","sticky":false,"template":"","format":"standard","meta":{"ngg_post_thumbnail":0},"categories":[1,4,2,6],"tags":[],"_links":{"self":[{"href":"http:\/\/paroquiagloria.org\/v2\/index.php?rest_route=\/wp\/v2\/posts\/8489"}],"collection":[{"href":"http:\/\/paroquiagloria.org\/v2\/index.php?rest_route=\/wp\/v2\/posts"}],"about":[{"href":"http:\/\/paroquiagloria.org\/v2\/index.php?rest_route=\/wp\/v2\/types\/post"}],"author":[{"embeddable":true,"href":"http:\/\/paroquiagloria.org\/v2\/index.php?rest_route=\/wp\/v2\/users\/1"}],"replies":[{"embeddable":true,"href":"http:\/\/paroquiagloria.org\/v2\/index.php?rest_route=%2Fwp%2Fv2%2Fcomments&post=8489"}],"version-history":[{"count":4,"href":"http:\/\/paroquiagloria.org\/v2\/index.php?rest_route=\/wp\/v2\/posts\/8489\/revisions"}],"predecessor-version":[{"id":8527,"href":"http:\/\/paroquiagloria.org\/v2\/index.php?rest_route=\/wp\/v2\/posts\/8489\/revisions\/8527"}],"wp:featuredmedia":[{"embeddable":true,"href":"http:\/\/paroquiagloria.org\/v2\/index.php?rest_route=\/wp\/v2\/media\/8464"}],"wp:attachment":[{"href":"http:\/\/paroquiagloria.org\/v2\/index.php?rest_route=%2Fwp%2Fv2%2Fmedia&parent=8489"}],"wp:term":[{"taxonomy":"category","embeddable":true,"href":"http:\/\/paroquiagloria.org\/v2\/index.php?rest_route=%2Fwp%2Fv2%2Fcategories&post=8489"},{"taxonomy":"post_tag","embeddable":true,"href":"http:\/\/paroquiagloria.org\/v2\/index.php?rest_route=%2Fwp%2Fv2%2Ftags&post=8489"}],"curies":[{"name":"wp","href":"https:\/\/api.w.org\/{rel}","templated":true}]}}