{"id":8483,"date":"2020-03-07T19:24:34","date_gmt":"2020-03-07T19:24:34","guid":{"rendered":"http:\/\/paroquiagloria.org\/v2\/?p=8483"},"modified":"2020-03-07T19:24:34","modified_gmt":"2020-03-07T19:24:34","slug":"cantinho-da-familia-15","status":"publish","type":"post","link":"http:\/\/paroquiagloria.org\/v2\/?p=8483","title":{"rendered":"\u201cCANTINHO DA FAM\u00cdLIA\u201d (15)"},"content":{"rendered":"<p><a href=\"http:\/\/paroquiagloria.org\/v2\/wp-content\/uploads\/2019\/12\/terapia-familiar_-1030x579.jpg\"><img loading=\"lazy\" class=\"size-large wp-image-8184 aligncenter\" src=\"http:\/\/paroquiagloria.org\/v2\/wp-content\/uploads\/2019\/12\/terapia-familiar_-1030x579-1024x576.jpg\" alt=\"terapia-familiar_-1030x579\" width=\"1024\" height=\"576\" srcset=\"http:\/\/paroquiagloria.org\/v2\/wp-content\/uploads\/2019\/12\/terapia-familiar_-1030x579-1024x576.jpg 1024w, http:\/\/paroquiagloria.org\/v2\/wp-content\/uploads\/2019\/12\/terapia-familiar_-1030x579-300x169.jpg 300w, http:\/\/paroquiagloria.org\/v2\/wp-content\/uploads\/2019\/12\/terapia-familiar_-1030x579.jpg 1030w\" sizes=\"(max-width: 1024px) 100vw, 1024px\" \/><\/a><\/p>\n<p>&nbsp;<\/p>\n<p>&nbsp;<\/p>\n<h3>&#8220;Refor\u00e7ar a Educa\u00e7\u00e3o dos Filhos&#8221;<br \/>\n\u00e9 o t\u00edtulo do Cap\u00edtulo VII da Exorta\u00e7\u00e3o Apost\u00f3lica do Papa Francisco &#8220;Amoris laetitia&#8221;:<\/h3>\n<p>&#8220;Os pais influenciam sempre, para o bem ou para o mal, o desenvolvimento moral dos seus filhos. Uma vez que esta fun\u00e7\u00e3o educativa das fam\u00edlias \u00e9 t\u00e3o importante e se tornou muito complexa, quero deter-me de modo especial neste ponto.<br \/>\nA fam\u00edlia n\u00e3o pode renunciar a ser lugar de apoio, acompanhamento, guia, embora tenha de reinventar os seus m\u00e9todos e encontrar novos recursos. Precisa de considerar a que realidade quer exp\u00f4r os seus filhos. Para isso n\u00e3o deve deixar de se interrogar sobre quem se ocupa de lhes oferecer divers\u00e3o e entretenimento, quem entra nas suas casas atrav\u00e9s dos ecr\u00e3s, a quem os entrega para que os guie nos seus tempos livres. S\u00f3 os momentos que passamos com eles, falando com simplicidade e carinho das coisas importantes, e as possibilidades saud\u00e1veis que criamos para ocuparem o seu tempo permitir\u00e3o evitar uma nociva invas\u00e3o.<br \/>\n\u00c9 sempre necess\u00e1ria vigil\u00e2ncia; o abandono nunca \u00e9 saud\u00e1vel. A obsess\u00e3o, por\u00e9m, n\u00e3o \u00e9 educativa; e tamb\u00e9m n\u00e3o \u00e9 poss\u00edvel ter o controlo de todas as situa\u00e7\u00f5es que um filho poder\u00e1 enfrentar.Vale aqui o princ\u00edpio de que o tempo \u00e9 superior ao espa\u00e7o, isto \u00e9, trata-se mais de gerar processos do que de dominar espa\u00e7os.<br \/>\nAssim, a grande quest\u00e3o n\u00e3o \u00e9 onde est\u00e1 fisicamente o filho, com quem est\u00e1 neste momento, mas onde se encontra em sentido existencial, onde est\u00e1 posicionado do ponto de vista das suas convic\u00e7\u00f5es, dos seus objectivos, dos seus desejos, do seu projecto de vida.&#8221;<\/p>\n<h5 style=\"text-align: right;\">\n(n\u00b0259,-261 da Exorta\u00e7\u00e3o Apost\u00f3lica do Papa Francisco &#8221; Amoris laetitia&#8221;)<\/h5>\n<p>&nbsp;<\/p>\n\r\n\t\t\t<div class='et-tabs-container et_sliderfx_fade et_sliderauto_false et_sliderauto_speed_5000 et_slidertype_top_tabs'>\r\n\t\t\t\t<ul class='et-tabs-control'>\r\n\t\t\t<li><a href='#'>\r\n\t\t\t\r\n\t\t<\/a><\/li>\r\n\t\t<\/ul> <!-- .et-tabs-control --> \r\n\t\t<div class='et-tabs-content'>\r\n\t\t\t<div class='et-tabs-content-wrapper'>\r\n\t\t\t\t<div class='et_slidecontent'>\r\n\t\t\t<span style=\"color: #ff0000;\"><strong>Ora\u00e7\u00e3o de Ben\u00e7\u00e3o para a mesa durante a semana:<\/strong><\/span> Aben\u00e7oa, Senhor, a nossa refei\u00e7\u00e3o, A fam\u00edlia que se re\u00fane \u00e0 volta desta mesa. Que estes alimentos nos ajudem a caminhar para Ti E a sermos solid\u00e1rios com os que mais precisam. Gl\u00f3ria ao Pai, ao Filho e ao Esp\u00edrito Santo, Como era no princ\u00edpio, agora e sempre. Am\u00e9m\r\n\t\t<\/div>\r\n\t\t\t<\/div>\r\n\t\t<\/div>\r\n\t\t\t<\/div> <!-- .et-tabs-container -->\n<p>&nbsp;<\/p>\n<div class='et-box et-shadow'>\r\n\t\t\t\t\t<div class='et-box-content'><span style=\"color: #000080;\"><strong>Tome nota :<\/strong><\/span> <strong>14 de Mar\u00e7o|14.30|Centro Paroquial<\/strong> * <span style=\"text-decoration: underline;\">Projeto Comum de Amor e de Vida &#8211; A Sexualidade do Casal &#8220;<\/span> * <span style=\"text-decoration: underline;\">C\u00e1tia S\u00e1 Guerreiro<\/span>, com licenciatura em Enfermagem, mestrado em Sa\u00fade e Desenvolvimento e doutoramento em Sa\u00fade Internacional. \u00c9 casada e m\u00e3e. Apesar de aberta a todos, a reflex\u00e3o destina-se especial-mente a Casais. <span style=\"text-decoration: underline; color: #008000;\"><strong>Todos s\u00e3o bem-vindos<\/strong><\/span>.<\/div><\/div>\n<p>&nbsp;<\/p>\n<p>&nbsp;<\/p>\n","protected":false},"excerpt":{"rendered":"<p>&nbsp; &nbsp; &#8220;Refor\u00e7ar a Educa\u00e7\u00e3o dos Filhos&#8221; \u00e9 o t\u00edtulo do Cap\u00edtulo VII da Exorta\u00e7\u00e3o Apost\u00f3lica do Papa Francisco &#8220;Amoris laetitia&#8221;: &#8220;Os pais influenciam sempre, para o bem ou para o mal, o desenvolvimento moral dos seus filhos. Uma vez que esta fun\u00e7\u00e3o educativa das fam\u00edlias \u00e9 t\u00e3o importante e se tornou muito complexa, quero [&hellip;]<\/p>\n","protected":false},"author":1,"featured_media":8193,"comment_status":"open","ping_status":"closed","sticky":false,"template":"","format":"standard","meta":{"ngg_post_thumbnail":0},"categories":[1,4,2,6,22],"tags":[],"_links":{"self":[{"href":"http:\/\/paroquiagloria.org\/v2\/index.php?rest_route=\/wp\/v2\/posts\/8483"}],"collection":[{"href":"http:\/\/paroquiagloria.org\/v2\/index.php?rest_route=\/wp\/v2\/posts"}],"about":[{"href":"http:\/\/paroquiagloria.org\/v2\/index.php?rest_route=\/wp\/v2\/types\/post"}],"author":[{"embeddable":true,"href":"http:\/\/paroquiagloria.org\/v2\/index.php?rest_route=\/wp\/v2\/users\/1"}],"replies":[{"embeddable":true,"href":"http:\/\/paroquiagloria.org\/v2\/index.php?rest_route=%2Fwp%2Fv2%2Fcomments&post=8483"}],"version-history":[{"count":1,"href":"http:\/\/paroquiagloria.org\/v2\/index.php?rest_route=\/wp\/v2\/posts\/8483\/revisions"}],"predecessor-version":[{"id":8484,"href":"http:\/\/paroquiagloria.org\/v2\/index.php?rest_route=\/wp\/v2\/posts\/8483\/revisions\/8484"}],"wp:featuredmedia":[{"embeddable":true,"href":"http:\/\/paroquiagloria.org\/v2\/index.php?rest_route=\/wp\/v2\/media\/8193"}],"wp:attachment":[{"href":"http:\/\/paroquiagloria.org\/v2\/index.php?rest_route=%2Fwp%2Fv2%2Fmedia&parent=8483"}],"wp:term":[{"taxonomy":"category","embeddable":true,"href":"http:\/\/paroquiagloria.org\/v2\/index.php?rest_route=%2Fwp%2Fv2%2Fcategories&post=8483"},{"taxonomy":"post_tag","embeddable":true,"href":"http:\/\/paroquiagloria.org\/v2\/index.php?rest_route=%2Fwp%2Fv2%2Ftags&post=8483"}],"curies":[{"name":"wp","href":"https:\/\/api.w.org\/{rel}","templated":true}]}}