{"id":8477,"date":"2020-03-07T19:16:36","date_gmt":"2020-03-07T19:16:36","guid":{"rendered":"http:\/\/paroquiagloria.org\/v2\/?p=8477"},"modified":"2020-03-07T19:20:53","modified_gmt":"2020-03-07T19:20:53","slug":"viver-a-quaresma-2","status":"publish","type":"post","link":"http:\/\/paroquiagloria.org\/v2\/?p=8477","title":{"rendered":"====== VIVER A QUARESMA ====== [2]"},"content":{"rendered":"<h3><img loading=\"lazy\" class=\"size-full wp-image-8458 aligncenter\" src=\"http:\/\/paroquiagloria.org\/v2\/wp-content\/uploads\/2020\/03\/2semana_ENCONTRA.jpg\" alt=\"2semana_ENCONTRA\" width=\"866\" height=\"624\" srcset=\"http:\/\/paroquiagloria.org\/v2\/wp-content\/uploads\/2020\/03\/2semana_ENCONTRA.jpg 866w, http:\/\/paroquiagloria.org\/v2\/wp-content\/uploads\/2020\/03\/2semana_ENCONTRA-300x216.jpg 300w\" sizes=\"(max-width: 866px) 100vw, 866px\" \/><\/h3>\n<h3><\/h3>\n<h3>Plano Pastoral<\/h3>\n<p>Est\u00e3o dispon\u00edveis na secretaria paroquial as quatro <strong>&#8220;Catequeses Familiares&#8221;<\/strong> editadas pelos Servi\u00e7os Diocesanos, para serem realizadas pelos v\u00e1rios grupos apost\u00f3licos, representados no Conselho Pastoral.<br \/>\nLembra-se a cada Conselheiro que esta foi a estrat\u00e9gia aprovada para alargar o mais poss\u00edvel o acesso dos agentes de pastoral aos Documentos do Magist\u00e9rio da Igreja, especialmente os do Papa Francisco.<br \/>\nCabendo aos Conselheiros a anima\u00e7\u00e3o das respectivas catequeses, cabe-lhes tamb\u00e9m o dever de levantar na secretaria o n\u00famero de exemplares necess\u00e1rios.<\/p>\n<p>&nbsp;<\/p>\n<h3>Ren\u00fancia Quaresmal<\/h3>\n<p style=\"text-align: justify;\">Este ano a ren\u00fancia quaresmal destina-se a apoiar a miss\u00e3o diocesana na Ilha do Pr\u00edncipe, ajudar na constru\u00e7\u00e3o da Igreja Matriz de S. Paulo na Ilha de Santiago\/ Cabo Verde e apoiar o Fundo de Emerg\u00eancia Social, da C\u00e1ritas Diocesana.&#8221;<\/p>\n<p style=\"text-align: right;\"><em>(Mensagem do nosso Bispo para a Quaresma.)<\/em><\/p>\n<p><a href=\"http:\/\/paroquiagloria.org\/v2\/wp-content\/uploads\/2020\/03\/meditacao_2q.jpg\"><img loading=\"lazy\" class=\"size-full wp-image-8466 aligncenter\" src=\"http:\/\/paroquiagloria.org\/v2\/wp-content\/uploads\/2020\/03\/meditacao_2q.jpg\" alt=\"meditacao_2q\" width=\"358\" height=\"780\" srcset=\"http:\/\/paroquiagloria.org\/v2\/wp-content\/uploads\/2020\/03\/meditacao_2q.jpg 358w, http:\/\/paroquiagloria.org\/v2\/wp-content\/uploads\/2020\/03\/meditacao_2q-138x300.jpg 138w\" sizes=\"(max-width: 358px) 100vw, 358px\" \/><\/a><\/p>\n<p><a href=\"http:\/\/paroquiagloria.org\/v2\/wp-content\/uploads\/2020\/03\/quiz_2q.jpg\"><img loading=\"lazy\" class=\"size-full wp-image-8471 aligncenter\" src=\"http:\/\/paroquiagloria.org\/v2\/wp-content\/uploads\/2020\/03\/quiz_2q.jpg\" alt=\"quiz_2q\" width=\"331\" height=\"751\" srcset=\"http:\/\/paroquiagloria.org\/v2\/wp-content\/uploads\/2020\/03\/quiz_2q.jpg 331w, http:\/\/paroquiagloria.org\/v2\/wp-content\/uploads\/2020\/03\/quiz_2q-132x300.jpg 132w\" sizes=\"(max-width: 331px) 100vw, 331px\" \/><\/a><\/p>\n","protected":false},"excerpt":{"rendered":"<p>Plano Pastoral Est\u00e3o dispon\u00edveis na secretaria paroquial as quatro &#8220;Catequeses Familiares&#8221; editadas pelos Servi\u00e7os Diocesanos, para serem realizadas pelos v\u00e1rios grupos apost\u00f3licos, representados no Conselho Pastoral. Lembra-se a cada Conselheiro que esta foi a estrat\u00e9gia aprovada para alargar o mais poss\u00edvel o acesso dos agentes de pastoral aos Documentos do Magist\u00e9rio da Igreja, especialmente os [&hellip;]<\/p>\n","protected":false},"author":1,"featured_media":8423,"comment_status":"open","ping_status":"closed","sticky":false,"template":"","format":"standard","meta":{"ngg_post_thumbnail":0},"categories":[1,4,2,6,22],"tags":[],"_links":{"self":[{"href":"http:\/\/paroquiagloria.org\/v2\/index.php?rest_route=\/wp\/v2\/posts\/8477"}],"collection":[{"href":"http:\/\/paroquiagloria.org\/v2\/index.php?rest_route=\/wp\/v2\/posts"}],"about":[{"href":"http:\/\/paroquiagloria.org\/v2\/index.php?rest_route=\/wp\/v2\/types\/post"}],"author":[{"embeddable":true,"href":"http:\/\/paroquiagloria.org\/v2\/index.php?rest_route=\/wp\/v2\/users\/1"}],"replies":[{"embeddable":true,"href":"http:\/\/paroquiagloria.org\/v2\/index.php?rest_route=%2Fwp%2Fv2%2Fcomments&post=8477"}],"version-history":[{"count":3,"href":"http:\/\/paroquiagloria.org\/v2\/index.php?rest_route=\/wp\/v2\/posts\/8477\/revisions"}],"predecessor-version":[{"id":8482,"href":"http:\/\/paroquiagloria.org\/v2\/index.php?rest_route=\/wp\/v2\/posts\/8477\/revisions\/8482"}],"wp:featuredmedia":[{"embeddable":true,"href":"http:\/\/paroquiagloria.org\/v2\/index.php?rest_route=\/wp\/v2\/media\/8423"}],"wp:attachment":[{"href":"http:\/\/paroquiagloria.org\/v2\/index.php?rest_route=%2Fwp%2Fv2%2Fmedia&parent=8477"}],"wp:term":[{"taxonomy":"category","embeddable":true,"href":"http:\/\/paroquiagloria.org\/v2\/index.php?rest_route=%2Fwp%2Fv2%2Fcategories&post=8477"},{"taxonomy":"post_tag","embeddable":true,"href":"http:\/\/paroquiagloria.org\/v2\/index.php?rest_route=%2Fwp%2Fv2%2Ftags&post=8477"}],"curies":[{"name":"wp","href":"https:\/\/api.w.org\/{rel}","templated":true}]}}