{"id":8456,"date":"2020-03-07T19:15:53","date_gmt":"2020-03-07T19:15:53","guid":{"rendered":"http:\/\/paroquiagloria.org\/v2\/?p=8456"},"modified":"2020-03-07T19:15:53","modified_gmt":"2020-03-07T19:15:53","slug":"antes-prevenir-que-remediar","status":"publish","type":"post","link":"http:\/\/paroquiagloria.org\/v2\/?p=8456","title":{"rendered":"Antes prevenir que remediar !"},"content":{"rendered":"<p>&nbsp;<\/p>\n<p><a href=\"http:\/\/paroquiagloria.org\/v2\/wp-content\/uploads\/2020\/03\/covid19.jpg\"><img loading=\"lazy\" class=\"size-large wp-image-8465 aligncenter\" src=\"http:\/\/paroquiagloria.org\/v2\/wp-content\/uploads\/2020\/03\/covid19-1024x576.jpg\" alt=\"covid19\" width=\"1024\" height=\"576\" srcset=\"http:\/\/paroquiagloria.org\/v2\/wp-content\/uploads\/2020\/03\/covid19-1024x576.jpg 1024w, http:\/\/paroquiagloria.org\/v2\/wp-content\/uploads\/2020\/03\/covid19-300x169.jpg 300w, http:\/\/paroquiagloria.org\/v2\/wp-content\/uploads\/2020\/03\/covid19.jpg 1050w\" sizes=\"(max-width: 1024px) 100vw, 1024px\" \/><\/a><\/p>\n<p>&nbsp;<\/p>\n<p>N\u00e3o querendo contribuir para aumentar os n\u00edveis de alarme geral que o COVID 19 tem provocado, por esse mundo fora, e por c\u00e1 tamb\u00e9m, n\u00e3o devemos negligenciar as medidas de preven\u00e7\u00e3o que os nossos Bispos entenderam publicar, em Nota Pastoral, esta semana.<br \/>\n<strong>Assim, nas Celebra\u00e7\u00f5es Eucar\u00edsticas, <span style=\"color: #800080;\">omitir-se-\u00e1 o gesto do &#8220;Abra\u00e7o da Paz&#8221;<\/span> e h\u00e1-de recomendar-se vivamente <span style=\"color: #800080;\">que a Sagrada Comunh\u00e3o seja recebida na m\u00e3o<\/span> e n\u00e3o na boca do comungante.<\/strong><br \/>\nSem alarmismos, aceitemos outras orienta\u00e7\u00f5es que a Direc\u00e7\u00e3o Geral de Sa\u00fade recomenda para prevenir as consequ\u00eancias que o coronav\u00edrus pode trazer.<\/p>\n","protected":false},"excerpt":{"rendered":"<p>&nbsp; &nbsp; N\u00e3o querendo contribuir para aumentar os n\u00edveis de alarme geral que o COVID 19 tem provocado, por esse mundo fora, e por c\u00e1 tamb\u00e9m, n\u00e3o devemos negligenciar as medidas de preven\u00e7\u00e3o que os nossos Bispos entenderam publicar, em Nota Pastoral, esta semana. Assim, nas Celebra\u00e7\u00f5es Eucar\u00edsticas, omitir-se-\u00e1 o gesto do &#8220;Abra\u00e7o da Paz&#8221; [&hellip;]<\/p>\n","protected":false},"author":1,"featured_media":8464,"comment_status":"open","ping_status":"closed","sticky":false,"template":"","format":"standard","meta":{"ngg_post_thumbnail":0},"categories":[1,4,2,6],"tags":[],"_links":{"self":[{"href":"http:\/\/paroquiagloria.org\/v2\/index.php?rest_route=\/wp\/v2\/posts\/8456"}],"collection":[{"href":"http:\/\/paroquiagloria.org\/v2\/index.php?rest_route=\/wp\/v2\/posts"}],"about":[{"href":"http:\/\/paroquiagloria.org\/v2\/index.php?rest_route=\/wp\/v2\/types\/post"}],"author":[{"embeddable":true,"href":"http:\/\/paroquiagloria.org\/v2\/index.php?rest_route=\/wp\/v2\/users\/1"}],"replies":[{"embeddable":true,"href":"http:\/\/paroquiagloria.org\/v2\/index.php?rest_route=%2Fwp%2Fv2%2Fcomments&post=8456"}],"version-history":[{"count":1,"href":"http:\/\/paroquiagloria.org\/v2\/index.php?rest_route=\/wp\/v2\/posts\/8456\/revisions"}],"predecessor-version":[{"id":8476,"href":"http:\/\/paroquiagloria.org\/v2\/index.php?rest_route=\/wp\/v2\/posts\/8456\/revisions\/8476"}],"wp:featuredmedia":[{"embeddable":true,"href":"http:\/\/paroquiagloria.org\/v2\/index.php?rest_route=\/wp\/v2\/media\/8464"}],"wp:attachment":[{"href":"http:\/\/paroquiagloria.org\/v2\/index.php?rest_route=%2Fwp%2Fv2%2Fmedia&parent=8456"}],"wp:term":[{"taxonomy":"category","embeddable":true,"href":"http:\/\/paroquiagloria.org\/v2\/index.php?rest_route=%2Fwp%2Fv2%2Fcategories&post=8456"},{"taxonomy":"post_tag","embeddable":true,"href":"http:\/\/paroquiagloria.org\/v2\/index.php?rest_route=%2Fwp%2Fv2%2Ftags&post=8456"}],"curies":[{"name":"wp","href":"https:\/\/api.w.org\/{rel}","templated":true}]}}