{"id":8448,"date":"2020-02-29T20:18:06","date_gmt":"2020-02-29T20:18:06","guid":{"rendered":"http:\/\/paroquiagloria.org\/v2\/?p=8448"},"modified":"2020-02-29T20:18:06","modified_gmt":"2020-02-29T20:18:06","slug":"cantinho-da-familia-14","status":"publish","type":"post","link":"http:\/\/paroquiagloria.org\/v2\/?p=8448","title":{"rendered":"\u201cCANTINHO DA FAM\u00cdLIA\u201d &#8211; 14"},"content":{"rendered":"<p><a href=\"http:\/\/paroquiagloria.org\/v2\/wp-content\/uploads\/2019\/12\/terapia-familiar_-1030x579.jpg\"><img loading=\"lazy\" class=\"size-large wp-image-8184 aligncenter\" src=\"http:\/\/paroquiagloria.org\/v2\/wp-content\/uploads\/2019\/12\/terapia-familiar_-1030x579-1024x576.jpg\" alt=\"terapia-familiar_-1030x579\" width=\"1024\" height=\"576\" srcset=\"http:\/\/paroquiagloria.org\/v2\/wp-content\/uploads\/2019\/12\/terapia-familiar_-1030x579-1024x576.jpg 1024w, http:\/\/paroquiagloria.org\/v2\/wp-content\/uploads\/2019\/12\/terapia-familiar_-1030x579-300x169.jpg 300w, http:\/\/paroquiagloria.org\/v2\/wp-content\/uploads\/2019\/12\/terapia-familiar_-1030x579.jpg 1030w\" sizes=\"(max-width: 1024px) 100vw, 1024px\" \/><\/a><\/p>\n<p>&nbsp;<\/p>\n<p style=\"text-align: justify;\">Na tarde do dia 14 teremos ocasi\u00e3o para tratar da Sexualidade Conjugal, num encontro destinado especial-mente a Casais. De facto, quem melhor que os Pais para esclarecer os filhos sobre mat\u00e9ria t\u00e3o importante, como \u00e9 a sexualidade?<br \/>\nVejamos hoje o que escreve o Papa Francisco na Exorta\u00e7\u00e3o Apost\u00f3lica &#8220;Amoris Laetitia&#8221;:<\/p>\n<p style=\"text-align: justify;\"><em>&#8220;O Conc\u00edlio Vaticano II apresentava a necessidade de uma educa\u00e7\u00e3o sexual positiva e prudente oferecida \u00e0s crian\u00e7as e adolescentes \u00e0 medida que v\u00e3o crescendo e tendo em considera\u00e7\u00e3o os progressos da psicologia, pedagogia e did\u00e1tica.<\/em><br \/>\n<em>A educa\u00e7\u00e3o sexual oferece informa\u00e7\u00e3o, mas sem esquecer que as crian\u00e7as e os jovens ainda n\u00e3o alcan\u00e7aram plena maturidade. A informa\u00e7\u00e3o deve chegar no momento apropriado e de forma adequada \u00e0 fase em que vivem. N\u00e3o \u00e9 \u00fatil satur\u00e1-los de dados sem o desenvolvimento do sentido cr\u00edtico perante uma invas\u00e3o de propostas, perante a pornografia descontrolada e a sobrecarga de est\u00edmulos que podem mutilar a sexualidade. Os jovens devem poder aperceber-se de que s\u00e3o bombardeados por mensagens que n\u00e3o procuram o seu bem e o seu amadurecimento. <\/em><br \/>\n<em>Tem um valor imenso uma educa\u00e7\u00e3o sexual que cuide um s\u00e3o pudor, embora actualmente alguns considerem que \u00e9 quest\u00e3o de outros tempos. \u00c9 uma defesa natural da pessoa que resguarda a sua interioridade e evita ser transformada em mero objecto. Sem o pudor, podemos reduzir o afecto e a sexualidade a obsess\u00f5es que nos concentram apenas nos \u00f3rg\u00e3os genitais, em morbosidades que deformam a nossa capacidade de amar e em v\u00e1rias formas de viol\u00eancia sexual que nos levam a ser tratados de forma desumana ou a prejudicar os outros.&#8221;<\/em><\/p>\n<p style=\"text-align: right;\">(n\u00b0280,-282 da Exorta\u00e7\u00e3o Apost\u00f3lica do Papa Francisco &#8221; Amoris laetitia &#8220;)<\/p>\n<p style=\"text-align: right;\">\n<p style=\"text-align: justify;\"><div class='et-box et-shadow'>\r\n\t\t\t\t\t<div class='et-box-content'>Tome nota : 14 de Mar\u00e7o|14.30|Centro Paroquial * &#8220;Projeto comum de Amor e de Vida &#8211; A Sexualidade do Casal&#8221; * C\u00e1tia S\u00e1 Guerreiro, com licenciatura em Enfermagem, mestrado em Sa\u00fade e Desenvolvimento e doutoramento em Sa\u00fade Internacional. Com v\u00e1rias especializa\u00e7\u00f5es. \u00c9 casada e m\u00e3e.<\/div><\/div><\/p>\n<p style=\"text-align: justify;\">\n<p style=\"text-align: justify;\">\r\n\t\t\t<div class='et-tabs-container et_sliderfx_fade et_sliderauto_false et_sliderauto_speed_5000 et_slidertype_top_tabs'>\r\n\t\t\t\t<ul class='et-tabs-control'>\r\n\t\t\t<li><a href='#'>\r\n\t\t\t\r\n\t\t<\/a><\/li>\r\n\t\t<\/ul> <!-- .et-tabs-control --> \r\n\t\t<div class='et-tabs-content'>\r\n\t\t\t<div class='et-tabs-content-wrapper'>\r\n\t\t\t\t<div class='et_slidecontent'>\r\n\t\t\t<span style=\"color: #ff0000;\"><strong>Ora\u00e7\u00e3o de Ben\u00e7\u00e3o para a mesa durante a semana:<\/strong> <\/span>Aben\u00e7oa, Senhor, a nossa refei\u00e7\u00e3o e aben\u00e7oa as m\u00e3os que a prepararam, as m\u00e3os que a fizeram chegar \u00e0 nossa mesa. Dai p\u00e3o a quem o n\u00e3o tem e fome da Vossa Palavra a todos n\u00f3s. Gl\u00f3ria ao Pai, ao Filho e ao Esp\u00edrito Santo, Como era no princ\u00edpio, agora e sempre. Am\u00e9m\r\n\t\t<\/div>\r\n\t\t\t<\/div>\r\n\t\t<\/div>\r\n\t\t\t<\/div> <!-- .et-tabs-container --><\/p>\n<p style=\"text-align: right;\">\n<p style=\"text-align: right;\">\n","protected":false},"excerpt":{"rendered":"<p>&nbsp; Na tarde do dia 14 teremos ocasi\u00e3o para tratar da Sexualidade Conjugal, num encontro destinado especial-mente a Casais. De facto, quem melhor que os Pais para esclarecer os filhos sobre mat\u00e9ria t\u00e3o importante, como \u00e9 a sexualidade? Vejamos hoje o que escreve o Papa Francisco na Exorta\u00e7\u00e3o Apost\u00f3lica &#8220;Amoris Laetitia&#8221;: &#8220;O Conc\u00edlio Vaticano II [&hellip;]<\/p>\n","protected":false},"author":1,"featured_media":8193,"comment_status":"open","ping_status":"closed","sticky":false,"template":"","format":"standard","meta":{"ngg_post_thumbnail":0},"categories":[1,4,2,6,22],"tags":[],"_links":{"self":[{"href":"http:\/\/paroquiagloria.org\/v2\/index.php?rest_route=\/wp\/v2\/posts\/8448"}],"collection":[{"href":"http:\/\/paroquiagloria.org\/v2\/index.php?rest_route=\/wp\/v2\/posts"}],"about":[{"href":"http:\/\/paroquiagloria.org\/v2\/index.php?rest_route=\/wp\/v2\/types\/post"}],"author":[{"embeddable":true,"href":"http:\/\/paroquiagloria.org\/v2\/index.php?rest_route=\/wp\/v2\/users\/1"}],"replies":[{"embeddable":true,"href":"http:\/\/paroquiagloria.org\/v2\/index.php?rest_route=%2Fwp%2Fv2%2Fcomments&post=8448"}],"version-history":[{"count":1,"href":"http:\/\/paroquiagloria.org\/v2\/index.php?rest_route=\/wp\/v2\/posts\/8448\/revisions"}],"predecessor-version":[{"id":8449,"href":"http:\/\/paroquiagloria.org\/v2\/index.php?rest_route=\/wp\/v2\/posts\/8448\/revisions\/8449"}],"wp:featuredmedia":[{"embeddable":true,"href":"http:\/\/paroquiagloria.org\/v2\/index.php?rest_route=\/wp\/v2\/media\/8193"}],"wp:attachment":[{"href":"http:\/\/paroquiagloria.org\/v2\/index.php?rest_route=%2Fwp%2Fv2%2Fmedia&parent=8448"}],"wp:term":[{"taxonomy":"category","embeddable":true,"href":"http:\/\/paroquiagloria.org\/v2\/index.php?rest_route=%2Fwp%2Fv2%2Fcategories&post=8448"},{"taxonomy":"post_tag","embeddable":true,"href":"http:\/\/paroquiagloria.org\/v2\/index.php?rest_route=%2Fwp%2Fv2%2Ftags&post=8448"}],"curies":[{"name":"wp","href":"https:\/\/api.w.org\/{rel}","templated":true}]}}