{"id":8435,"date":"2020-02-29T20:12:30","date_gmt":"2020-02-29T20:12:30","guid":{"rendered":"http:\/\/paroquiagloria.org\/v2\/?p=8435"},"modified":"2020-03-07T19:17:24","modified_gmt":"2020-03-07T19:17:24","slug":"viver-a-quaresma","status":"publish","type":"post","link":"http:\/\/paroquiagloria.org\/v2\/?p=8435","title":{"rendered":"====== VIVER A QUARESMA ====== [1]"},"content":{"rendered":"<p><a href=\"http:\/\/paroquiagloria.org\/v2\/wp-content\/uploads\/2020\/02\/1quaresma_escolhe.jpg\"><img loading=\"lazy\" class=\"alignnone size-large wp-image-8437 aligncenter\" src=\"http:\/\/paroquiagloria.org\/v2\/wp-content\/uploads\/2020\/02\/1quaresma_escolhe-768x1024.jpg\" alt=\"1quaresma_escolhe\" width=\"768\" height=\"1024\" srcset=\"http:\/\/paroquiagloria.org\/v2\/wp-content\/uploads\/2020\/02\/1quaresma_escolhe-768x1024.jpg 768w, http:\/\/paroquiagloria.org\/v2\/wp-content\/uploads\/2020\/02\/1quaresma_escolhe-225x300.jpg 225w, http:\/\/paroquiagloria.org\/v2\/wp-content\/uploads\/2020\/02\/1quaresma_escolhe.jpg 930w\" sizes=\"(max-width: 768px) 100vw, 768px\" \/><\/a><\/p>\n<h3><strong>Plano Pastoral<\/strong><\/h3>\n<p>Como reza este ano o nosso plano pastoral, pretende-se alargar o mais poss\u00edvel o estudo da Exorta\u00e7\u00e3o Apost\u00f3lica do Papa Francisco &#8220;Amoris Laetitia &#8220;, aproveitando especialmente o tempo da Quaresma para o fazer. Ora estamos no tempo, o tempo favor\u00e1vel. Vamos aproveit\u00e1-lo.<br \/>\nLembra-se aos Conselheiros que se encontram dispon\u00edveis na Secretaria Paroquial os livros das Catequeses Familiares, Cabendo a cada um pedir os exemplares necess\u00e1rios.<br \/>\nLembra-se tamb\u00e9m a conveni\u00eancia de comunicar \u00e0 Secretaria o calend\u00e1rio das reuni\u00f5es e o espa\u00e7o onde v\u00e3o decorrer as mesmas.<\/p>\n<p>&nbsp;<\/p>\n<p style=\"text-align: justify;\">&#8220;Este ano a ren\u00fancia quaresmal destina-se a apoiar a miss\u00e3o diocesana na Ilha do Pr\u00edncipe, ajudar na constru\u00e7\u00e3o da Igreja Matriz de S. Paulo na Ilha de Santiago\/ Cabo Verde e apoiar o Fundo de Emerg\u00eancia Social, da Caritas Diocesana.&#8221;<\/p>\n<p style=\"text-align: right;\"><em>(Mensagem do nosso Bispo para a Quaresma.)<\/em><\/p>\n<p>&nbsp;<\/p>\n<p>&nbsp;<\/p>\n<p><a href=\"http:\/\/paroquiagloria.org\/v2\/wp-content\/uploads\/2020\/02\/1semana_ESCOLHE.png\"><img loading=\"lazy\" class=\"size-large wp-image-8438 aligncenter\" src=\"http:\/\/paroquiagloria.org\/v2\/wp-content\/uploads\/2020\/02\/1semana_ESCOLHE.png\" alt=\"1semana_ESCOLHE\" width=\"866\" height=\"624\" srcset=\"http:\/\/paroquiagloria.org\/v2\/wp-content\/uploads\/2020\/02\/1semana_ESCOLHE.png 866w, http:\/\/paroquiagloria.org\/v2\/wp-content\/uploads\/2020\/02\/1semana_ESCOLHE-300x216.png 300w\" sizes=\"(max-width: 866px) 100vw, 866px\" \/><\/a> <a href=\"http:\/\/paroquiagloria.org\/v2\/wp-content\/uploads\/2020\/02\/meditacao_1q.jpg\"><img loading=\"lazy\" class=\"size-large wp-image-8445 aligncenter\" src=\"http:\/\/paroquiagloria.org\/v2\/wp-content\/uploads\/2020\/02\/meditacao_1q.jpg\" alt=\"meditacao_1q\" width=\"387\" height=\"812\" srcset=\"http:\/\/paroquiagloria.org\/v2\/wp-content\/uploads\/2020\/02\/meditacao_1q.jpg 387w, http:\/\/paroquiagloria.org\/v2\/wp-content\/uploads\/2020\/02\/meditacao_1q-143x300.jpg 143w\" sizes=\"(max-width: 387px) 100vw, 387px\" \/><\/a> <a href=\"http:\/\/paroquiagloria.org\/v2\/wp-content\/uploads\/2020\/02\/quiz_1q.jpg\"><img loading=\"lazy\" class=\"alignnone size-full wp-image-8446 aligncenter\" src=\"http:\/\/paroquiagloria.org\/v2\/wp-content\/uploads\/2020\/02\/quiz_1q.jpg\" alt=\"quiz_1q\" width=\"300\" height=\"498\" srcset=\"http:\/\/paroquiagloria.org\/v2\/wp-content\/uploads\/2020\/02\/quiz_1q.jpg 300w, http:\/\/paroquiagloria.org\/v2\/wp-content\/uploads\/2020\/02\/quiz_1q-181x300.jpg 181w\" sizes=\"(max-width: 300px) 100vw, 300px\" \/><\/a><\/p>\n<p>&nbsp;<\/p>\n<p>&nbsp;<\/p>\n","protected":false},"excerpt":{"rendered":"<p>Plano Pastoral Como reza este ano o nosso plano pastoral, pretende-se alargar o mais poss\u00edvel o estudo da Exorta\u00e7\u00e3o Apost\u00f3lica do Papa Francisco &#8220;Amoris Laetitia &#8220;, aproveitando especialmente o tempo da Quaresma para o fazer. Ora estamos no tempo, o tempo favor\u00e1vel. Vamos aproveit\u00e1-lo. Lembra-se aos Conselheiros que se encontram dispon\u00edveis na Secretaria Paroquial os [&hellip;]<\/p>\n","protected":false},"author":1,"featured_media":8444,"comment_status":"open","ping_status":"closed","sticky":false,"template":"","format":"standard","meta":{"ngg_post_thumbnail":0},"categories":[1,4,2,6,22],"tags":[],"_links":{"self":[{"href":"http:\/\/paroquiagloria.org\/v2\/index.php?rest_route=\/wp\/v2\/posts\/8435"}],"collection":[{"href":"http:\/\/paroquiagloria.org\/v2\/index.php?rest_route=\/wp\/v2\/posts"}],"about":[{"href":"http:\/\/paroquiagloria.org\/v2\/index.php?rest_route=\/wp\/v2\/types\/post"}],"author":[{"embeddable":true,"href":"http:\/\/paroquiagloria.org\/v2\/index.php?rest_route=\/wp\/v2\/users\/1"}],"replies":[{"embeddable":true,"href":"http:\/\/paroquiagloria.org\/v2\/index.php?rest_route=%2Fwp%2Fv2%2Fcomments&post=8435"}],"version-history":[{"count":3,"href":"http:\/\/paroquiagloria.org\/v2\/index.php?rest_route=\/wp\/v2\/posts\/8435\/revisions"}],"predecessor-version":[{"id":8479,"href":"http:\/\/paroquiagloria.org\/v2\/index.php?rest_route=\/wp\/v2\/posts\/8435\/revisions\/8479"}],"wp:featuredmedia":[{"embeddable":true,"href":"http:\/\/paroquiagloria.org\/v2\/index.php?rest_route=\/wp\/v2\/media\/8444"}],"wp:attachment":[{"href":"http:\/\/paroquiagloria.org\/v2\/index.php?rest_route=%2Fwp%2Fv2%2Fmedia&parent=8435"}],"wp:term":[{"taxonomy":"category","embeddable":true,"href":"http:\/\/paroquiagloria.org\/v2\/index.php?rest_route=%2Fwp%2Fv2%2Fcategories&post=8435"},{"taxonomy":"post_tag","embeddable":true,"href":"http:\/\/paroquiagloria.org\/v2\/index.php?rest_route=%2Fwp%2Fv2%2Ftags&post=8435"}],"curies":[{"name":"wp","href":"https:\/\/api.w.org\/{rel}","templated":true}]}}