{"id":8426,"date":"2020-02-22T19:42:24","date_gmt":"2020-02-22T19:42:24","guid":{"rendered":"http:\/\/paroquiagloria.org\/v2\/?p=8426"},"modified":"2020-02-22T19:54:50","modified_gmt":"2020-02-22T19:54:50","slug":"cantinho-da-familia-12-2","status":"publish","type":"post","link":"http:\/\/paroquiagloria.org\/v2\/?p=8426","title":{"rendered":"\u201cCANTINHO DA FAM\u00cdLIA\u201d \u2013 13"},"content":{"rendered":"<p><a href=\"http:\/\/paroquiagloria.org\/v2\/wp-content\/uploads\/2019\/11\/CantinhoFamilia.jpg\"><img loading=\"lazy\" class=\"size-full wp-image-8167 aligncenter\" src=\"http:\/\/paroquiagloria.org\/v2\/wp-content\/uploads\/2019\/11\/CantinhoFamilia.jpg\" alt=\"CantinhoFamilia\" width=\"624\" height=\"416\" srcset=\"http:\/\/paroquiagloria.org\/v2\/wp-content\/uploads\/2019\/11\/CantinhoFamilia.jpg 624w, http:\/\/paroquiagloria.org\/v2\/wp-content\/uploads\/2019\/11\/CantinhoFamilia-300x200.jpg 300w, http:\/\/paroquiagloria.org\/v2\/wp-content\/uploads\/2019\/11\/CantinhoFamilia-140x94.jpg 140w\" sizes=\"(max-width: 624px) 100vw, 624px\" \/><\/a><\/p>\n<p>&nbsp;<\/p>\n<h3>A prop\u00f3sito dos Idosos, o Papa Francisco escreve na sua Exorta\u00e7\u00e3o Apost\u00f3lica:<\/h3>\n<p>&#8220;A falta de mem\u00f3ria hist\u00f3rica \u00e9 um defeito grave da nossa sociedade. \u00c9 a mentalidade imatura do &#8220;j\u00e1 est\u00e1 ultrapassado&#8221;.<br \/>\nConhecer e ser capaz de tomar posi\u00e7\u00e3o perante os acontecimentos passados \u00e9 a \u00fanica possibilidade de construir um futuro que tenha sentido.<br \/>\nN\u00e3o se pode educar sem mem\u00f3ria:&#8221; Recordai os dias passados&#8221; (Hb. 10,32).<br \/>\nAs hist\u00f3rias dos idosos fazem muito bem \u00e0s crian\u00e7as e aos jovens porque os ligam \u00e0 hist\u00f3ria vivida tanto pela fam\u00edlia como pela vizinhan\u00e7a e o pa\u00eds.<br \/>\nUMA FAM\u00cdLIA QUE N\u00c3O RESPEITA NEM CUIDA DOS SEUS AV\u00d3S, QUE S\u00c3O A SUA MEM\u00d3RIA VIVA \u00c9 UMA FAM\u00cdLIA DESINTEGRADA, MAS UMA FAM\u00cdLIA QUE RECORDA \u00c9 UMA FAM\u00cdLIA COM FUTURO. POR ISSO, &#8221; NUMA CIVILIZA\u00c7\u00c3O EM QUE N\u00c3O H\u00c1 ESPA\u00c7O PARA OS IDOSOS OU ONDE ELES S\u00c3O DESCARTADOS PORQUE CRIAM PROBLEMAS, TAL SOCIEDADE TRAZ EM SI O V\u00cdRUS DA MORTE, PORQUE SE SEPARA DAS PR\u00d3PRIAS RA\u00cdZES&#8221;<\/p>\n<p style=\"text-align: right;\">(n\u00b0193 da Exorta\u00e7\u00e3o Apost\u00f3lica do Papa Francisco &#8220;Amoris laetitia&#8221;.)<\/p>\n<p style=\"text-align: justify;\">\r\n\t\t\t<div class='et-tabs-container et_sliderfx_fade et_sliderauto_false et_sliderauto_speed_5000 et_slidertype_top_tabs'>\r\n\t\t\t\t<ul class='et-tabs-control'>\r\n\t\t\t<li><a href='#'>\r\n\t\t\t\r\n\t\t<\/a><\/li>\r\n\t\t<\/ul> <!-- .et-tabs-control --> \r\n\t\t<div class='et-tabs-content'>\r\n\t\t\t<div class='et-tabs-content-wrapper'>\r\n\t\t\t\t<div class='et_slidecontent'>\r\n\t\t\t<span style=\"color: #ff0000;\"><strong>Ora\u00e7\u00e3o de Ben\u00e7\u00e3o para a mesa durante a semana:<\/strong> <\/span>Senhor, n\u00f3s te agradecemos Estes alimentos que nos ofereceste. Pedimos-te que transformem o nosso cora\u00e7\u00e3o, O nosso agir, a nossa capacidade de amar e perdoar. Gl\u00f3ria ao Pai, ao Filho e ao Esp\u00edrito Santo, Como era no princ\u00edpio, agora e sempre. Am\u00e9m\r\n\t\t<\/div>\r\n\t\t\t<\/div>\r\n\t\t<\/div>\r\n\t\t\t<\/div> <!-- .et-tabs-container --><\/p>\n<p style=\"text-align: justify;\"><div class='et-box et-shadow'>\r\n\t\t\t\t\t<div class='et-box-content'>Retiro para Casais, na Casa Diocesana de Albergaria-a-Velha, promovido pelo Movimento das Equipas de Casais de Nossa Senhora, no fim de semana de 7 e 8 de Mar\u00e7o.<\/div><\/div><\/p>\n<p style=\"text-align: justify;\"><div class='et-box et-shadow'>\r\n\t\t\t\t\t<div class='et-box-content'>Reserve, desde j\u00e1, a tarde de 14 de Mar\u00e7o para o 3\u00b0 encontro de Casais, que a Pastoral Familiar da Par\u00f3quia tem previsto para o corrente ano, no sal\u00e3o de Nossa Senhora da Gl\u00f3ria, do nosso Centro Paroquial. A entrada \u00e9 livre.<\/div><\/div><\/p>\n","protected":false},"excerpt":{"rendered":"<p>&nbsp; A prop\u00f3sito dos Idosos, o Papa Francisco escreve na sua Exorta\u00e7\u00e3o Apost\u00f3lica: &#8220;A falta de mem\u00f3ria hist\u00f3rica \u00e9 um defeito grave da nossa sociedade. \u00c9 a mentalidade imatura do &#8220;j\u00e1 est\u00e1 ultrapassado&#8221;. Conhecer e ser capaz de tomar posi\u00e7\u00e3o perante os acontecimentos passados \u00e9 a \u00fanica possibilidade de construir um futuro que tenha sentido. [&hellip;]<\/p>\n","protected":false},"author":1,"featured_media":8166,"comment_status":"open","ping_status":"closed","sticky":false,"template":"","format":"standard","meta":{"ngg_post_thumbnail":0},"categories":[1,4,2,6,22],"tags":[],"_links":{"self":[{"href":"http:\/\/paroquiagloria.org\/v2\/index.php?rest_route=\/wp\/v2\/posts\/8426"}],"collection":[{"href":"http:\/\/paroquiagloria.org\/v2\/index.php?rest_route=\/wp\/v2\/posts"}],"about":[{"href":"http:\/\/paroquiagloria.org\/v2\/index.php?rest_route=\/wp\/v2\/types\/post"}],"author":[{"embeddable":true,"href":"http:\/\/paroquiagloria.org\/v2\/index.php?rest_route=\/wp\/v2\/users\/1"}],"replies":[{"embeddable":true,"href":"http:\/\/paroquiagloria.org\/v2\/index.php?rest_route=%2Fwp%2Fv2%2Fcomments&post=8426"}],"version-history":[{"count":2,"href":"http:\/\/paroquiagloria.org\/v2\/index.php?rest_route=\/wp\/v2\/posts\/8426\/revisions"}],"predecessor-version":[{"id":8432,"href":"http:\/\/paroquiagloria.org\/v2\/index.php?rest_route=\/wp\/v2\/posts\/8426\/revisions\/8432"}],"wp:featuredmedia":[{"embeddable":true,"href":"http:\/\/paroquiagloria.org\/v2\/index.php?rest_route=\/wp\/v2\/media\/8166"}],"wp:attachment":[{"href":"http:\/\/paroquiagloria.org\/v2\/index.php?rest_route=%2Fwp%2Fv2%2Fmedia&parent=8426"}],"wp:term":[{"taxonomy":"category","embeddable":true,"href":"http:\/\/paroquiagloria.org\/v2\/index.php?rest_route=%2Fwp%2Fv2%2Fcategories&post=8426"},{"taxonomy":"post_tag","embeddable":true,"href":"http:\/\/paroquiagloria.org\/v2\/index.php?rest_route=%2Fwp%2Fv2%2Ftags&post=8426"}],"curies":[{"name":"wp","href":"https:\/\/api.w.org\/{rel}","templated":true}]}}