{"id":8422,"date":"2020-02-22T19:39:35","date_gmt":"2020-02-22T19:39:35","guid":{"rendered":"http:\/\/paroquiagloria.org\/v2\/?p=8422"},"modified":"2020-02-22T19:39:35","modified_gmt":"2020-02-22T19:39:35","slug":"caminhada-para-a-quaresma","status":"publish","type":"post","link":"http:\/\/paroquiagloria.org\/v2\/?p=8422","title":{"rendered":"CAMINHADA PARA A QUARESMA"},"content":{"rendered":"<p><a href=\"http:\/\/paroquiagloria.org\/v2\/wp-content\/uploads\/2020\/02\/caminhada_banner.jpg\"><img loading=\"lazy\" class=\"alignnone size-large wp-image-8424\" src=\"http:\/\/paroquiagloria.org\/v2\/wp-content\/uploads\/2020\/02\/caminhada_banner-1024x258.jpg\" alt=\"caminhada_banner\" width=\"1024\" height=\"258\" srcset=\"http:\/\/paroquiagloria.org\/v2\/wp-content\/uploads\/2020\/02\/caminhada_banner-1024x258.jpg 1024w, http:\/\/paroquiagloria.org\/v2\/wp-content\/uploads\/2020\/02\/caminhada_banner-300x76.jpg 300w\" sizes=\"(max-width: 1024px) 100vw, 1024px\" \/><\/a><\/p>\n<p>O Departamento Diocesano de Catequese da Inf\u00e2ncia apresentou, j\u00e1 em Janeiro, de caminhada para a quaresma, para a catequese da inf\u00e2ncia. A proposta assenta nos pressupostos do Programa Diocesano de Pastoral para 2019\/2020.<br \/>\nO lema n\u00e3o pode, portanto, ser outro que n\u00e3o o do Programa Diocesano de Pastoral: <strong>Fam\u00edlia, voca\u00e7\u00e3o de amor e caminho de santidade.<\/strong><br \/>\nA Quaresma \u00e9 o tempo de prepara\u00e7\u00e3o &#8220;pelo qual se sobe ao monte santo da P\u00e1scoa&#8221;, como o descreve o Cerimonial dos Bispos (CB 249). Come\u00e7a em Quarta-Feira de Cinzas e termina pela tarde de Quinta-Feira Santa, antes da Missa Vespertina da Ceia do Senhor, com que se inaugura o Tr\u00edduo Pascal.<br \/>\nAs seis semanas da Quaresma dividem-se em tr\u00eas etapas, marcadas pelos Evangelhos correspondentes: os dois primeiros domingos, com as tenta\u00e7\u00f5es e a transfigura\u00e7\u00e3o do Senhor; os tr\u00eas seguintes, com as catequeses baptismais da samaritana (\u00e1gua), do cego (luz) e L\u00e1zaro (vida), pr\u00f3prias do ciclo A e, finalmente, o domingo sexto, chamado de Ramos ou da Paix\u00e3o, que inaugura a Semana Santa.<br \/>\nAssim, prop\u00f5e o Departamento Diocesano da Catequese de Inf\u00e2ncia lan\u00e7ar alguns desafios que ajudem a atingir os objectivos propostos para o tempo lit\u00fargico da Quaresma. A partir da pr\u00f3xima semana, deixaremos aqui as propostas semanais.<\/p>\n","protected":false},"excerpt":{"rendered":"<p>O Departamento Diocesano de Catequese da Inf\u00e2ncia apresentou, j\u00e1 em Janeiro, de caminhada para a quaresma, para a catequese da inf\u00e2ncia. A proposta assenta nos pressupostos do Programa Diocesano de Pastoral para 2019\/2020. O lema n\u00e3o pode, portanto, ser outro que n\u00e3o o do Programa Diocesano de Pastoral: Fam\u00edlia, voca\u00e7\u00e3o de amor e caminho de [&hellip;]<\/p>\n","protected":false},"author":1,"featured_media":8423,"comment_status":"open","ping_status":"closed","sticky":false,"template":"","format":"standard","meta":{"ngg_post_thumbnail":0},"categories":[1,4,2,6,22],"tags":[],"_links":{"self":[{"href":"http:\/\/paroquiagloria.org\/v2\/index.php?rest_route=\/wp\/v2\/posts\/8422"}],"collection":[{"href":"http:\/\/paroquiagloria.org\/v2\/index.php?rest_route=\/wp\/v2\/posts"}],"about":[{"href":"http:\/\/paroquiagloria.org\/v2\/index.php?rest_route=\/wp\/v2\/types\/post"}],"author":[{"embeddable":true,"href":"http:\/\/paroquiagloria.org\/v2\/index.php?rest_route=\/wp\/v2\/users\/1"}],"replies":[{"embeddable":true,"href":"http:\/\/paroquiagloria.org\/v2\/index.php?rest_route=%2Fwp%2Fv2%2Fcomments&post=8422"}],"version-history":[{"count":1,"href":"http:\/\/paroquiagloria.org\/v2\/index.php?rest_route=\/wp\/v2\/posts\/8422\/revisions"}],"predecessor-version":[{"id":8425,"href":"http:\/\/paroquiagloria.org\/v2\/index.php?rest_route=\/wp\/v2\/posts\/8422\/revisions\/8425"}],"wp:featuredmedia":[{"embeddable":true,"href":"http:\/\/paroquiagloria.org\/v2\/index.php?rest_route=\/wp\/v2\/media\/8423"}],"wp:attachment":[{"href":"http:\/\/paroquiagloria.org\/v2\/index.php?rest_route=%2Fwp%2Fv2%2Fmedia&parent=8422"}],"wp:term":[{"taxonomy":"category","embeddable":true,"href":"http:\/\/paroquiagloria.org\/v2\/index.php?rest_route=%2Fwp%2Fv2%2Fcategories&post=8422"},{"taxonomy":"post_tag","embeddable":true,"href":"http:\/\/paroquiagloria.org\/v2\/index.php?rest_route=%2Fwp%2Fv2%2Ftags&post=8422"}],"curies":[{"name":"wp","href":"https:\/\/api.w.org\/{rel}","templated":true}]}}