{"id":8420,"date":"2020-02-22T19:34:28","date_gmt":"2020-02-22T19:34:28","guid":{"rendered":"http:\/\/paroquiagloria.org\/v2\/?p=8420"},"modified":"2020-02-22T19:34:28","modified_gmt":"2020-02-22T19:34:28","slug":"taize-2020","status":"publish","type":"post","link":"http:\/\/paroquiagloria.org\/v2\/?p=8420","title":{"rendered":"Taiz\u00e9 2020"},"content":{"rendered":"<p><a href=\"http:\/\/paroquiagloria.org\/v2\/wp-content\/uploads\/2019\/02\/taize-orao.jpg\"><img loading=\"lazy\" class=\"size-large wp-image-7325 aligncenter\" src=\"http:\/\/paroquiagloria.org\/v2\/wp-content\/uploads\/2019\/02\/taize-orao-1024x557.jpg\" alt=\"taize-orao\" width=\"1024\" height=\"557\" srcset=\"http:\/\/paroquiagloria.org\/v2\/wp-content\/uploads\/2019\/02\/taize-orao-1024x557.jpg 1024w, http:\/\/paroquiagloria.org\/v2\/wp-content\/uploads\/2019\/02\/taize-orao-300x163.jpg 300w, http:\/\/paroquiagloria.org\/v2\/wp-content\/uploads\/2019\/02\/taize-orao.jpg 1360w\" sizes=\"(max-width: 1024px) 100vw, 1024px\" \/><\/a><\/p>\n<p>&nbsp;<\/p>\n<p>Ao longo desta semana estar\u00e3o na Comunidade de Taiz\u00e9, em Fran\u00e7a, quase 650 alunos e professores da Diocese de Aveiro para viverem uma experi\u00eancia de encontro com Jesus, de ora\u00e7\u00e3o e de enriquecimento ecum\u00e9nico. Que regressem renovados interiormente para darem testemunho da f\u00e9 na nossa Par\u00f3quia e na nossa Diocese.<\/p>\n","protected":false},"excerpt":{"rendered":"<p>&nbsp; Ao longo desta semana estar\u00e3o na Comunidade de Taiz\u00e9, em Fran\u00e7a, quase 650 alunos e professores da Diocese de Aveiro para viverem uma experi\u00eancia de encontro com Jesus, de ora\u00e7\u00e3o e de enriquecimento ecum\u00e9nico. Que regressem renovados interiormente para darem testemunho da f\u00e9 na nossa Par\u00f3quia e na nossa Diocese.<\/p>\n","protected":false},"author":1,"featured_media":7333,"comment_status":"open","ping_status":"closed","sticky":false,"template":"","format":"standard","meta":{"ngg_post_thumbnail":0},"categories":[1,4,2,6],"tags":[],"_links":{"self":[{"href":"http:\/\/paroquiagloria.org\/v2\/index.php?rest_route=\/wp\/v2\/posts\/8420"}],"collection":[{"href":"http:\/\/paroquiagloria.org\/v2\/index.php?rest_route=\/wp\/v2\/posts"}],"about":[{"href":"http:\/\/paroquiagloria.org\/v2\/index.php?rest_route=\/wp\/v2\/types\/post"}],"author":[{"embeddable":true,"href":"http:\/\/paroquiagloria.org\/v2\/index.php?rest_route=\/wp\/v2\/users\/1"}],"replies":[{"embeddable":true,"href":"http:\/\/paroquiagloria.org\/v2\/index.php?rest_route=%2Fwp%2Fv2%2Fcomments&post=8420"}],"version-history":[{"count":1,"href":"http:\/\/paroquiagloria.org\/v2\/index.php?rest_route=\/wp\/v2\/posts\/8420\/revisions"}],"predecessor-version":[{"id":8421,"href":"http:\/\/paroquiagloria.org\/v2\/index.php?rest_route=\/wp\/v2\/posts\/8420\/revisions\/8421"}],"wp:featuredmedia":[{"embeddable":true,"href":"http:\/\/paroquiagloria.org\/v2\/index.php?rest_route=\/wp\/v2\/media\/7333"}],"wp:attachment":[{"href":"http:\/\/paroquiagloria.org\/v2\/index.php?rest_route=%2Fwp%2Fv2%2Fmedia&parent=8420"}],"wp:term":[{"taxonomy":"category","embeddable":true,"href":"http:\/\/paroquiagloria.org\/v2\/index.php?rest_route=%2Fwp%2Fv2%2Fcategories&post=8420"},{"taxonomy":"post_tag","embeddable":true,"href":"http:\/\/paroquiagloria.org\/v2\/index.php?rest_route=%2Fwp%2Fv2%2Ftags&post=8420"}],"curies":[{"name":"wp","href":"https:\/\/api.w.org\/{rel}","templated":true}]}}