{"id":8416,"date":"2020-02-22T19:33:21","date_gmt":"2020-02-22T19:33:21","guid":{"rendered":"http:\/\/paroquiagloria.org\/v2\/?p=8416"},"modified":"2020-02-22T19:33:21","modified_gmt":"2020-02-22T19:33:21","slug":"convivio-fraterno-4","status":"publish","type":"post","link":"http:\/\/paroquiagloria.org\/v2\/?p=8416","title":{"rendered":"Conv\u00edvio Fraterno"},"content":{"rendered":"<p><a href=\"http:\/\/paroquiagloria.org\/v2\/wp-content\/uploads\/2020\/02\/convivio-fraterno2020.jpg\"><img loading=\"lazy\" class=\"size-large wp-image-8417 aligncenter\" src=\"http:\/\/paroquiagloria.org\/v2\/wp-content\/uploads\/2020\/02\/convivio-fraterno2020-1024x576.jpg\" alt=\"convivio-fraterno2020\" width=\"1024\" height=\"576\" srcset=\"http:\/\/paroquiagloria.org\/v2\/wp-content\/uploads\/2020\/02\/convivio-fraterno2020-1024x576.jpg 1024w, http:\/\/paroquiagloria.org\/v2\/wp-content\/uploads\/2020\/02\/convivio-fraterno2020-300x169.jpg 300w, http:\/\/paroquiagloria.org\/v2\/wp-content\/uploads\/2020\/02\/convivio-fraterno2020.jpg 1280w\" sizes=\"(max-width: 1024px) 100vw, 1024px\" \/><\/a><\/p>\n<p>&nbsp;<\/p>\n<p>O pr\u00f3ximo Conv\u00edvio Fraterno na Diocese de Aveiro realizar-se-\u00e1 na Casa da Sagrada Fam\u00edlia (Praia de Mira), nos dias 12 a 15 de mar\u00e7o de 2020.<\/p>\n","protected":false},"excerpt":{"rendered":"<p>&nbsp; O pr\u00f3ximo Conv\u00edvio Fraterno na Diocese de Aveiro realizar-se-\u00e1 na Casa da Sagrada Fam\u00edlia (Praia de Mira), nos dias 12 a 15 de mar\u00e7o de 2020.<\/p>\n","protected":false},"author":1,"featured_media":8418,"comment_status":"open","ping_status":"closed","sticky":false,"template":"","format":"standard","meta":{"ngg_post_thumbnail":0},"categories":[1,4,2,6],"tags":[],"_links":{"self":[{"href":"http:\/\/paroquiagloria.org\/v2\/index.php?rest_route=\/wp\/v2\/posts\/8416"}],"collection":[{"href":"http:\/\/paroquiagloria.org\/v2\/index.php?rest_route=\/wp\/v2\/posts"}],"about":[{"href":"http:\/\/paroquiagloria.org\/v2\/index.php?rest_route=\/wp\/v2\/types\/post"}],"author":[{"embeddable":true,"href":"http:\/\/paroquiagloria.org\/v2\/index.php?rest_route=\/wp\/v2\/users\/1"}],"replies":[{"embeddable":true,"href":"http:\/\/paroquiagloria.org\/v2\/index.php?rest_route=%2Fwp%2Fv2%2Fcomments&post=8416"}],"version-history":[{"count":1,"href":"http:\/\/paroquiagloria.org\/v2\/index.php?rest_route=\/wp\/v2\/posts\/8416\/revisions"}],"predecessor-version":[{"id":8419,"href":"http:\/\/paroquiagloria.org\/v2\/index.php?rest_route=\/wp\/v2\/posts\/8416\/revisions\/8419"}],"wp:featuredmedia":[{"embeddable":true,"href":"http:\/\/paroquiagloria.org\/v2\/index.php?rest_route=\/wp\/v2\/media\/8418"}],"wp:attachment":[{"href":"http:\/\/paroquiagloria.org\/v2\/index.php?rest_route=%2Fwp%2Fv2%2Fmedia&parent=8416"}],"wp:term":[{"taxonomy":"category","embeddable":true,"href":"http:\/\/paroquiagloria.org\/v2\/index.php?rest_route=%2Fwp%2Fv2%2Fcategories&post=8416"},{"taxonomy":"post_tag","embeddable":true,"href":"http:\/\/paroquiagloria.org\/v2\/index.php?rest_route=%2Fwp%2Fv2%2Ftags&post=8416"}],"curies":[{"name":"wp","href":"https:\/\/api.w.org\/{rel}","templated":true}]}}