{"id":8412,"date":"2020-02-22T19:28:37","date_gmt":"2020-02-22T19:28:37","guid":{"rendered":"http:\/\/paroquiagloria.org\/v2\/?p=8412"},"modified":"2020-02-22T19:28:37","modified_gmt":"2020-02-22T19:28:37","slug":"open-day-do-seminario","status":"publish","type":"post","link":"http:\/\/paroquiagloria.org\/v2\/?p=8412","title":{"rendered":"&#8220;Open Day&#8221; do Semin\u00e1rio"},"content":{"rendered":"<p><a href=\"http:\/\/paroquiagloria.org\/v2\/wp-content\/uploads\/2020\/02\/Cartaz_low_openday.jpg\"><img loading=\"lazy\" class=\"size-large wp-image-8413 aligncenter\" src=\"http:\/\/paroquiagloria.org\/v2\/wp-content\/uploads\/2020\/02\/Cartaz_low_openday-1024x724.jpg\" alt=\"Cartaz_low_openday\" width=\"1024\" height=\"724\" srcset=\"http:\/\/paroquiagloria.org\/v2\/wp-content\/uploads\/2020\/02\/Cartaz_low_openday-1024x724.jpg 1024w, http:\/\/paroquiagloria.org\/v2\/wp-content\/uploads\/2020\/02\/Cartaz_low_openday-300x212.jpg 300w\" sizes=\"(max-width: 1024px) 100vw, 1024px\" \/><\/a><\/p>\n<p>&nbsp;<\/p>\n<p>Dia 7 de mar\u00e7o, o Pr\u00e9-Semin\u00e1rio promove um novo encontro para rapazes e raparigas do 5\u00ba e 6\u00ba ano, entre as 9h30 e as 18h, no Semin\u00e1rio de Aveiro.<\/p>\n","protected":false},"excerpt":{"rendered":"<p>&nbsp; Dia 7 de mar\u00e7o, o Pr\u00e9-Semin\u00e1rio promove um novo encontro para rapazes e raparigas do 5\u00ba e 6\u00ba ano, entre as 9h30 e as 18h, no Semin\u00e1rio de Aveiro.<\/p>\n","protected":false},"author":1,"featured_media":8414,"comment_status":"open","ping_status":"closed","sticky":false,"template":"","format":"standard","meta":{"ngg_post_thumbnail":0},"categories":[1,4,2,6],"tags":[],"_links":{"self":[{"href":"http:\/\/paroquiagloria.org\/v2\/index.php?rest_route=\/wp\/v2\/posts\/8412"}],"collection":[{"href":"http:\/\/paroquiagloria.org\/v2\/index.php?rest_route=\/wp\/v2\/posts"}],"about":[{"href":"http:\/\/paroquiagloria.org\/v2\/index.php?rest_route=\/wp\/v2\/types\/post"}],"author":[{"embeddable":true,"href":"http:\/\/paroquiagloria.org\/v2\/index.php?rest_route=\/wp\/v2\/users\/1"}],"replies":[{"embeddable":true,"href":"http:\/\/paroquiagloria.org\/v2\/index.php?rest_route=%2Fwp%2Fv2%2Fcomments&post=8412"}],"version-history":[{"count":1,"href":"http:\/\/paroquiagloria.org\/v2\/index.php?rest_route=\/wp\/v2\/posts\/8412\/revisions"}],"predecessor-version":[{"id":8415,"href":"http:\/\/paroquiagloria.org\/v2\/index.php?rest_route=\/wp\/v2\/posts\/8412\/revisions\/8415"}],"wp:featuredmedia":[{"embeddable":true,"href":"http:\/\/paroquiagloria.org\/v2\/index.php?rest_route=\/wp\/v2\/media\/8414"}],"wp:attachment":[{"href":"http:\/\/paroquiagloria.org\/v2\/index.php?rest_route=%2Fwp%2Fv2%2Fmedia&parent=8412"}],"wp:term":[{"taxonomy":"category","embeddable":true,"href":"http:\/\/paroquiagloria.org\/v2\/index.php?rest_route=%2Fwp%2Fv2%2Fcategories&post=8412"},{"taxonomy":"post_tag","embeddable":true,"href":"http:\/\/paroquiagloria.org\/v2\/index.php?rest_route=%2Fwp%2Fv2%2Ftags&post=8412"}],"curies":[{"name":"wp","href":"https:\/\/api.w.org\/{rel}","templated":true}]}}