{"id":8408,"date":"2020-02-22T19:26:01","date_gmt":"2020-02-22T19:26:01","guid":{"rendered":"http:\/\/paroquiagloria.org\/v2\/?p=8408"},"modified":"2020-02-22T19:26:01","modified_gmt":"2020-02-22T19:26:01","slug":"exposicao","status":"publish","type":"post","link":"http:\/\/paroquiagloria.org\/v2\/?p=8408","title":{"rendered":"Exposi\u00e7\u00e3o"},"content":{"rendered":"<p>&nbsp;<\/p>\n<p><a href=\"http:\/\/paroquiagloria.org\/v2\/wp-content\/uploads\/2020\/02\/exposicao_Cinzas.jpg\"><img loading=\"lazy\" class=\"size-full wp-image-8410 aligncenter\" src=\"http:\/\/paroquiagloria.org\/v2\/wp-content\/uploads\/2020\/02\/exposicao_Cinzas.jpg\" alt=\"exposicao_Cinzas\" width=\"683\" height=\"960\" srcset=\"http:\/\/paroquiagloria.org\/v2\/wp-content\/uploads\/2020\/02\/exposicao_Cinzas.jpg 683w, http:\/\/paroquiagloria.org\/v2\/wp-content\/uploads\/2020\/02\/exposicao_Cinzas-213x300.jpg 213w\" sizes=\"(max-width: 683px) 100vw, 683px\" \/><\/a><\/p>\n<p>&nbsp;<\/p>\n<p>A exposi\u00e7\u00e3o <strong>&#8220;A prociss\u00e3o das cinzas em Aveiro&#8221;<\/strong>, patente nas Igrejas geminadas de Santo Ant\u00f3nio e S\u00e3o Francisco, de 26 de fevereiro a 27 de setembro. No pr\u00f3ximo s\u00e1bado, dia 29 de fevereiro, \u00e0s 15h30, haver\u00e1 visita guiada, concerto e palestras.<\/p>\n","protected":false},"excerpt":{"rendered":"<p>&nbsp; &nbsp; A exposi\u00e7\u00e3o &#8220;A prociss\u00e3o das cinzas em Aveiro&#8221;, patente nas Igrejas geminadas de Santo Ant\u00f3nio e S\u00e3o Francisco, de 26 de fevereiro a 27 de setembro. No pr\u00f3ximo s\u00e1bado, dia 29 de fevereiro, \u00e0s 15h30, haver\u00e1 visita guiada, concerto e palestras.<\/p>\n","protected":false},"author":1,"featured_media":8409,"comment_status":"open","ping_status":"closed","sticky":false,"template":"","format":"standard","meta":{"ngg_post_thumbnail":0},"categories":[1,4,2,6],"tags":[],"_links":{"self":[{"href":"http:\/\/paroquiagloria.org\/v2\/index.php?rest_route=\/wp\/v2\/posts\/8408"}],"collection":[{"href":"http:\/\/paroquiagloria.org\/v2\/index.php?rest_route=\/wp\/v2\/posts"}],"about":[{"href":"http:\/\/paroquiagloria.org\/v2\/index.php?rest_route=\/wp\/v2\/types\/post"}],"author":[{"embeddable":true,"href":"http:\/\/paroquiagloria.org\/v2\/index.php?rest_route=\/wp\/v2\/users\/1"}],"replies":[{"embeddable":true,"href":"http:\/\/paroquiagloria.org\/v2\/index.php?rest_route=%2Fwp%2Fv2%2Fcomments&post=8408"}],"version-history":[{"count":1,"href":"http:\/\/paroquiagloria.org\/v2\/index.php?rest_route=\/wp\/v2\/posts\/8408\/revisions"}],"predecessor-version":[{"id":8411,"href":"http:\/\/paroquiagloria.org\/v2\/index.php?rest_route=\/wp\/v2\/posts\/8408\/revisions\/8411"}],"wp:featuredmedia":[{"embeddable":true,"href":"http:\/\/paroquiagloria.org\/v2\/index.php?rest_route=\/wp\/v2\/media\/8409"}],"wp:attachment":[{"href":"http:\/\/paroquiagloria.org\/v2\/index.php?rest_route=%2Fwp%2Fv2%2Fmedia&parent=8408"}],"wp:term":[{"taxonomy":"category","embeddable":true,"href":"http:\/\/paroquiagloria.org\/v2\/index.php?rest_route=%2Fwp%2Fv2%2Fcategories&post=8408"},{"taxonomy":"post_tag","embeddable":true,"href":"http:\/\/paroquiagloria.org\/v2\/index.php?rest_route=%2Fwp%2Fv2%2Ftags&post=8408"}],"curies":[{"name":"wp","href":"https:\/\/api.w.org\/{rel}","templated":true}]}}