{"id":8403,"date":"2020-02-15T20:13:16","date_gmt":"2020-02-15T20:13:16","guid":{"rendered":"http:\/\/paroquiagloria.org\/v2\/?p=8403"},"modified":"2020-02-15T20:13:16","modified_gmt":"2020-02-15T20:13:16","slug":"ensaios-para-quarta-feira-de-cinzas-20","status":"publish","type":"post","link":"http:\/\/paroquiagloria.org\/v2\/?p=8403","title":{"rendered":"Ensaios para Quarta-feira de Cinzas &#8217;20"},"content":{"rendered":"<p><a href=\"http:\/\/paroquiagloria.org\/v2\/wp-content\/uploads\/2015\/02\/Ben\u00e7\u00e3o-das-Cinzas.jpg\"><img loading=\"lazy\" class=\"size-full wp-image-3057 aligncenter\" src=\"http:\/\/paroquiagloria.org\/v2\/wp-content\/uploads\/2015\/02\/Ben\u00e7\u00e3o-das-Cinzas.jpg\" alt=\"Ben\u00e7\u00e3o-das-Cinzas\" width=\"960\" height=\"340\" srcset=\"http:\/\/paroquiagloria.org\/v2\/wp-content\/uploads\/2015\/02\/Ben\u00e7\u00e3o-das-Cinzas.jpg 960w, http:\/\/paroquiagloria.org\/v2\/wp-content\/uploads\/2015\/02\/Ben\u00e7\u00e3o-das-Cinzas-300x106.jpg 300w\" sizes=\"(max-width: 960px) 100vw, 960px\" \/><\/a><\/p>\n<p>Encontram-se j\u00e1 marcados os ensaios dos Coros Paroquiais para a Eucaristia de Imposi\u00e7\u00e3o de Cinzas com a qual iniciamos o Tempo de Quaresma, no pr\u00f3ximo dia 26 de Fevereiro \u00e0s 21h30, na S\u00e9, presidida pelo Sr. Bispo.<\/p>\n<p>Os ensaios ser\u00e3o nos pr\u00f3ximos dias 18 e 25 de Fevereiro, \u00e0s 21h30, na Igreja.<\/p>\n<p>O programa encontra-se j\u00e1 dispon\u00edvel, com partituras e suporte audio para as quatro vozes (sopranos altos, tenores e baixos) na p\u00e1gina habitual da Par\u00f3quia (<a href=\"http:\/\/paroquiagloria.org\/v2\/?page_id=274\" target=\"_blank\">AQUI<\/a>).<\/p>\n","protected":false},"excerpt":{"rendered":"<p>Encontram-se j\u00e1 marcados os ensaios dos Coros Paroquiais para a Eucaristia de Imposi\u00e7\u00e3o de Cinzas com a qual iniciamos o Tempo de Quaresma, no pr\u00f3ximo dia 26 de Fevereiro \u00e0s 21h30, na S\u00e9, presidida pelo Sr. Bispo. Os ensaios ser\u00e3o nos pr\u00f3ximos dias 18 e 25 de Fevereiro, \u00e0s 21h30, na Igreja. O programa encontra-se [&hellip;]<\/p>\n","protected":false},"author":1,"featured_media":6234,"comment_status":"open","ping_status":"closed","sticky":false,"template":"","format":"standard","meta":{"ngg_post_thumbnail":0},"categories":[1,4,2,6],"tags":[],"_links":{"self":[{"href":"http:\/\/paroquiagloria.org\/v2\/index.php?rest_route=\/wp\/v2\/posts\/8403"}],"collection":[{"href":"http:\/\/paroquiagloria.org\/v2\/index.php?rest_route=\/wp\/v2\/posts"}],"about":[{"href":"http:\/\/paroquiagloria.org\/v2\/index.php?rest_route=\/wp\/v2\/types\/post"}],"author":[{"embeddable":true,"href":"http:\/\/paroquiagloria.org\/v2\/index.php?rest_route=\/wp\/v2\/users\/1"}],"replies":[{"embeddable":true,"href":"http:\/\/paroquiagloria.org\/v2\/index.php?rest_route=%2Fwp%2Fv2%2Fcomments&post=8403"}],"version-history":[{"count":1,"href":"http:\/\/paroquiagloria.org\/v2\/index.php?rest_route=\/wp\/v2\/posts\/8403\/revisions"}],"predecessor-version":[{"id":8404,"href":"http:\/\/paroquiagloria.org\/v2\/index.php?rest_route=\/wp\/v2\/posts\/8403\/revisions\/8404"}],"wp:featuredmedia":[{"embeddable":true,"href":"http:\/\/paroquiagloria.org\/v2\/index.php?rest_route=\/wp\/v2\/media\/6234"}],"wp:attachment":[{"href":"http:\/\/paroquiagloria.org\/v2\/index.php?rest_route=%2Fwp%2Fv2%2Fmedia&parent=8403"}],"wp:term":[{"taxonomy":"category","embeddable":true,"href":"http:\/\/paroquiagloria.org\/v2\/index.php?rest_route=%2Fwp%2Fv2%2Fcategories&post=8403"},{"taxonomy":"post_tag","embeddable":true,"href":"http:\/\/paroquiagloria.org\/v2\/index.php?rest_route=%2Fwp%2Fv2%2Ftags&post=8403"}],"curies":[{"name":"wp","href":"https:\/\/api.w.org\/{rel}","templated":true}]}}