{"id":8382,"date":"2020-02-15T19:44:12","date_gmt":"2020-02-15T19:44:12","guid":{"rendered":"http:\/\/paroquiagloria.org\/v2\/?p=8382"},"modified":"2020-02-15T19:44:12","modified_gmt":"2020-02-15T19:44:12","slug":"cantinho-da-familia-12","status":"publish","type":"post","link":"http:\/\/paroquiagloria.org\/v2\/?p=8382","title":{"rendered":"\u201cCANTINHO DA FAM\u00cdLIA\u201d &#8211; 12"},"content":{"rendered":"<p>&nbsp;<\/p>\n<p><a href=\"http:\/\/paroquiagloria.org\/v2\/wp-content\/uploads\/2019\/11\/CantinhoFamilia.jpg\"><img loading=\"lazy\" class=\"size-full wp-image-8167 aligncenter\" src=\"http:\/\/paroquiagloria.org\/v2\/wp-content\/uploads\/2019\/11\/CantinhoFamilia.jpg\" alt=\"CantinhoFamilia\" width=\"624\" height=\"416\" srcset=\"http:\/\/paroquiagloria.org\/v2\/wp-content\/uploads\/2019\/11\/CantinhoFamilia.jpg 624w, http:\/\/paroquiagloria.org\/v2\/wp-content\/uploads\/2019\/11\/CantinhoFamilia-300x200.jpg 300w, http:\/\/paroquiagloria.org\/v2\/wp-content\/uploads\/2019\/11\/CantinhoFamilia-140x94.jpg 140w\" sizes=\"(max-width: 624px) 100vw, 624px\" \/><\/a><\/p>\n<p>&nbsp;<\/p>\n<h4><strong>O que escreve o Papa Francisco, de 83 anos, sobre os idosos, na sua II Exorta\u00e7\u00e3o Apost\u00f3lica &#8220;Amoris Laetitia&#8221;?<\/strong><\/h4>\n<p>Os idosos ajudam a perceber a continuidade das gera\u00e7\u00f5es, com o carisma de lan\u00e7ar uma ponte entre elas. Muitas vezes s\u00e3o os av\u00f3s que asseguram a transmiss\u00e3o dos grandes valores aos seus netos, e muitas pessoas podem constatar que devem a sua inicia\u00e7\u00e3o na vida crist\u00e3 precisamente aos av\u00f3s.<br \/>\nAs suas palavras, as suas car\u00edcias ou a simples presen\u00e7a ajudam a crian\u00e7a a reconhecer que a hist\u00f3ria n\u00e3o come\u00e7a com elas, que s\u00e3o herdeiras de um longo caminho e que \u00e9 necess\u00e1rio respeitar o fundamento que as precede.<br \/>\nQuem quebra os la\u00e7os com a hist\u00f3ria ter\u00e1 dificuldade em tecer rela\u00e7\u00f5es est\u00e1veis e reconhecer que n\u00e3o \u00e9 dono da realidade. Com efeito, a aten\u00e7\u00e3o aos idosos distingue uma civiliza\u00e7\u00e3o.<br \/>\nNuma civiliza\u00e7\u00e3o, presta-se aten\u00e7\u00e3o ao idoso? H\u00e1 lugar para o idoso? Esta civiliza\u00e7\u00e3o ir\u00e1 em frente se souber respeitar a sabedoria dos idosos.<br \/>\n<em>(n\u00b0192 da &#8220;Amoris Laetitia&#8221;).<\/em><\/p>\n<p>&nbsp;<\/p>\n\r\n\t\t\t<div class='et-tabs-container et_sliderfx_fade et_sliderauto_false et_sliderauto_speed_5000 et_slidertype_top_tabs'>\r\n\t\t\t\t<ul class='et-tabs-control'>\r\n\t\t\t<li><a href='#'>\r\n\t\t\t\r\n\t\t<\/a><\/li>\r\n\t\t<\/ul> <!-- .et-tabs-control --> \r\n\t\t<div class='et-tabs-content'>\r\n\t\t\t<div class='et-tabs-content-wrapper'>\r\n\t\t\t\t<div class='et_slidecontent'>\r\n\t\t\t<span style=\"color: #993366;\"><strong>Ora\u00e7\u00e3o de Ben\u00e7\u00e3o para a mesa durante a semana:<\/strong><\/span> Pai do C\u00e9u, aben\u00e7oa estes alimentos que colocas na nossa mesa. Que o cuidado que tens em arranj\u00e1-los para n\u00f3s nos ensine a cuidar dos outros, a amar o nosso pr\u00f3ximo, especialmente os mais idosos. Gl\u00f3ria ao Pai, ao Filho e ao Esp\u00edrito Santo, Como era no princ\u00edpio, agora e sempre. Am\u00e9m\r\n\t\t<\/div>\r\n\t\t\t<\/div>\r\n\t\t<\/div>\r\n\t\t\t<\/div> <!-- .et-tabs-container -->\n<p>&nbsp;<\/p>\n<div class='et-box et-shadow'>\r\n\t\t\t\t\t<div class='et-box-content'>Reserve, desde j\u00e1, a tarde de 14 de Mar\u00e7o para o 3\u00b0 encontro de Casais, que a Pastoral Familiar da Par\u00f3quia tem previsto para o corrente ano, no sal\u00e3o de Nossa Senhora da Gl\u00f3ria, do nosso Centro Paroquial. A entrada \u00e9 livre.<\/div><\/div>\n","protected":false},"excerpt":{"rendered":"<p>&nbsp; &nbsp; O que escreve o Papa Francisco, de 83 anos, sobre os idosos, na sua II Exorta\u00e7\u00e3o Apost\u00f3lica &#8220;Amoris Laetitia&#8221;? Os idosos ajudam a perceber a continuidade das gera\u00e7\u00f5es, com o carisma de lan\u00e7ar uma ponte entre elas. Muitas vezes s\u00e3o os av\u00f3s que asseguram a transmiss\u00e3o dos grandes valores aos seus netos, e [&hellip;]<\/p>\n","protected":false},"author":1,"featured_media":8166,"comment_status":"open","ping_status":"closed","sticky":false,"template":"","format":"standard","meta":{"ngg_post_thumbnail":0},"categories":[1,4,2,6,22],"tags":[],"_links":{"self":[{"href":"http:\/\/paroquiagloria.org\/v2\/index.php?rest_route=\/wp\/v2\/posts\/8382"}],"collection":[{"href":"http:\/\/paroquiagloria.org\/v2\/index.php?rest_route=\/wp\/v2\/posts"}],"about":[{"href":"http:\/\/paroquiagloria.org\/v2\/index.php?rest_route=\/wp\/v2\/types\/post"}],"author":[{"embeddable":true,"href":"http:\/\/paroquiagloria.org\/v2\/index.php?rest_route=\/wp\/v2\/users\/1"}],"replies":[{"embeddable":true,"href":"http:\/\/paroquiagloria.org\/v2\/index.php?rest_route=%2Fwp%2Fv2%2Fcomments&post=8382"}],"version-history":[{"count":1,"href":"http:\/\/paroquiagloria.org\/v2\/index.php?rest_route=\/wp\/v2\/posts\/8382\/revisions"}],"predecessor-version":[{"id":8383,"href":"http:\/\/paroquiagloria.org\/v2\/index.php?rest_route=\/wp\/v2\/posts\/8382\/revisions\/8383"}],"wp:featuredmedia":[{"embeddable":true,"href":"http:\/\/paroquiagloria.org\/v2\/index.php?rest_route=\/wp\/v2\/media\/8166"}],"wp:attachment":[{"href":"http:\/\/paroquiagloria.org\/v2\/index.php?rest_route=%2Fwp%2Fv2%2Fmedia&parent=8382"}],"wp:term":[{"taxonomy":"category","embeddable":true,"href":"http:\/\/paroquiagloria.org\/v2\/index.php?rest_route=%2Fwp%2Fv2%2Fcategories&post=8382"},{"taxonomy":"post_tag","embeddable":true,"href":"http:\/\/paroquiagloria.org\/v2\/index.php?rest_route=%2Fwp%2Fv2%2Ftags&post=8382"}],"curies":[{"name":"wp","href":"https:\/\/api.w.org\/{rel}","templated":true}]}}