{"id":8375,"date":"2020-02-15T19:41:33","date_gmt":"2020-02-15T19:41:33","guid":{"rendered":"http:\/\/paroquiagloria.org\/v2\/?p=8375"},"modified":"2020-02-15T20:08:55","modified_gmt":"2020-02-15T20:08:55","slug":"nota-pastoral-sobre-a-eutanasia-excertos","status":"publish","type":"post","link":"http:\/\/paroquiagloria.org\/v2\/?p=8375","title":{"rendered":"Nota Pastoral sobre a eutan\u00e1sia (excertos)"},"content":{"rendered":"<p><a href=\"http:\/\/paroquiagloria.org\/v2\/wp-content\/uploads\/2020\/02\/banner_brasao_01.jpg\"><img loading=\"lazy\" class=\"size-full wp-image-8379 aligncenter\" src=\"http:\/\/paroquiagloria.org\/v2\/wp-content\/uploads\/2020\/02\/banner_brasao_01.jpg\" alt=\"banner_brasao_01\" width=\"960\" height=\"340\" srcset=\"http:\/\/paroquiagloria.org\/v2\/wp-content\/uploads\/2020\/02\/banner_brasao_01.jpg 960w, http:\/\/paroquiagloria.org\/v2\/wp-content\/uploads\/2020\/02\/banner_brasao_01-300x106.jpg 300w\" sizes=\"(max-width: 960px) 100vw, 960px\" \/><\/a><\/p>\n<p>&nbsp;<\/p>\n<p>(&#8230;) Cumprindo o meu dever de pastor desta por\u00e7\u00e3o do povo de Deus, considero indispens\u00e1vel apresentar alguns princ\u00edpios que julgo serem indispens\u00e1veis para um avan\u00e7o civilizacional da sociedade da qual fazemos parte:<\/p>\n<p style=\"padding-left: 60px;\">1\u00ba O direito \u00e0 vida \u00e9 um direito inviol\u00e1vel (cf. artigo 3 da Declara\u00e7\u00e3o Universal Direitos Humanos), sendo a base de todos os outros direitos do ser humano.<br \/>\n2\u00ba Para os crist\u00e3os, o direito \u00e0 vida, desde a sua conce\u00e7\u00e3o at\u00e9 \u00e0 morte natural, \u00e9 sagrado porque tem o seu fundamento no Deus criador. O quinto mandamento dado por Deus a Mois\u00e9s \u00e9 taxativo: \u00abn\u00e3o matar\u00e1s\u00bb (Ex 20,13).<br \/>\n3\u00ba A defesa do direito \u00e0 vida exige que tenhamos claro que defendemos o \u201cdireito a morrer com serenidade, com dignidade humana e crist\u00e3\u201d, empenhando todos os meios ordin\u00e1rios ao alcance da medicina.<br \/>\n4\u00ba A nossa sociedade, mais do que preocupar-se com legisla\u00e7\u00e3o deste teor, devia antes preocupar-se com o alargamento da rede de cuidados continuados e paliativos a n\u00edvel nacional, como meios que t\u00eam a \u00abfinalidade de tornar mais suport\u00e1vel o sofrimento na fase final da doen\u00e7a e assegurar ao paciente um acompanhamento adequado\u00bb (Evangelium Vitae).<br \/>\n5\u00ba Afirmamos, ainda, que as institui\u00e7\u00f5es crist\u00e3s ou de inspira\u00e7\u00e3o crist\u00e3 (lares, resid\u00eancias, cuidados continuados e paliativos\u2026) continuar\u00e3o a ser um porto de abrigo para todos aqueles que confiam nas pessoas que nelas trabalham.<\/p>\n<p>A presen\u00e7a dos crist\u00e3os na sociedade exige que formemos a nossa consci\u00eancia e saibamos contribuir, com o nosso trabalho e empenhamento, para uma sociedade mais justa e fraterna.<\/p>\n<p style=\"text-align: right;\">+ Ant\u00f3nio Manuel Moiteiro Ramos, Bispo de Aveiro.<\/p>\n<p style=\"text-align: right;\">\n<p style=\"text-align: right;\"><a href=\"http:\/\/paroquiagloria.org\/v2\/wp-content\/uploads\/2020\/02\/Nota-Pastoral-sobre-a-eutan\u00e1sia-_-Diocese-de-Aveiro-_-Amar-a-Deus-\u00e9-servir.pdf\" target=\"_blank\">NOTA INTEGRAL<\/a><\/p>\n<p style=\"text-align: right;\"><a href=\"http:\/\/www.diocese-aveiro.pt\/v2\/?p=19035\" target=\"_blank\">Diocese de Aveiro<\/a><\/p>\n<p style=\"text-align: right;\"><a href=\"https:\/\/agencia.ecclesia.pt\/portal\/eutanasia-defesa-da-vida-humana-nao-e-simplesmente-uma-questao-religiosa-bispo-de-aveiro\/\" target=\"_blank\">Ecclesia<\/a><\/p>\n<p style=\"text-align: right;\">\n<p style=\"text-align: center;\"><a href=\"http:\/\/paroquiagloria.org\/v2\/wp-content\/uploads\/2020\/02\/AN-suic\u00eddio-assistido-eutan\u00e1sia.jpg\"><img loading=\"lazy\" class=\"size-large wp-image-8377 aligncenter\" src=\"http:\/\/paroquiagloria.org\/v2\/wp-content\/uploads\/2020\/02\/AN-suic\u00eddio-assistido-eutan\u00e1sia-1024x536.jpg\" alt=\"AN-suic\u00eddio-assistido-eutan\u00e1sia\" width=\"1024\" height=\"536\" srcset=\"http:\/\/paroquiagloria.org\/v2\/wp-content\/uploads\/2020\/02\/AN-suic\u00eddio-assistido-eutan\u00e1sia-1024x536.jpg 1024w, http:\/\/paroquiagloria.org\/v2\/wp-content\/uploads\/2020\/02\/AN-suic\u00eddio-assistido-eutan\u00e1sia-300x157.jpg 300w, http:\/\/paroquiagloria.org\/v2\/wp-content\/uploads\/2020\/02\/AN-suic\u00eddio-assistido-eutan\u00e1sia.jpg 1700w\" sizes=\"(max-width: 1024px) 100vw, 1024px\" \/><\/a><\/p>\n<p style=\"text-align: center;\">\r\n\t\t\t<div class='et-tabs-container et_sliderfx_fade et_sliderauto_false et_sliderauto_speed_5000 et_slidertype_top_tabs'>\r\n\t\t\t\t<ul class='et-tabs-control'>\r\n\t\t\t<li><a href='#'>\r\n\t\t\t\r\n\t\t<\/a><\/li>\r\n\t\t<\/ul> <!-- .et-tabs-control --> \r\n\t\t<div class='et-tabs-content'>\r\n\t\t\t<div class='et-tabs-content-wrapper'>\r\n\t\t\t\t<div class='et_slidecontent'>\r\n\t\t\tDEVEMOS DEFENDER A VIDA HUMANA AT\u00c9 AO FIM E NUNCA PROVOCAR A MORTE.\n&#8220;Todos temos que defender a vida humana\u201d\nJ\u00e1 assinou a peti\u00e7\u00e3o para que se fa\u00e7a o referendo sobre a eutan\u00e1sia? Se n\u00e3o fez, saiba que pode faz\u00ea-lo na sacristia da nossa Igreja, no final das Missas, ou na secretaria paroquial, no hor\u00e1rio de servi\u00e7o. N\u00e3o esque\u00e7a o seu B.I. ou C.C. Pode assinar a peti\u00e7\u00e3o tamb\u00e9m por internet.\r\n\t\t<\/div>\r\n\t\t\t<\/div>\r\n\t\t<\/div>\r\n\t\t\t<\/div> <!-- .et-tabs-container --><\/p>\n","protected":false},"excerpt":{"rendered":"<p>&nbsp; (&#8230;) Cumprindo o meu dever de pastor desta por\u00e7\u00e3o do povo de Deus, considero indispens\u00e1vel apresentar alguns princ\u00edpios que julgo serem indispens\u00e1veis para um avan\u00e7o civilizacional da sociedade da qual fazemos parte: 1\u00ba O direito \u00e0 vida \u00e9 um direito inviol\u00e1vel (cf. artigo 3 da Declara\u00e7\u00e3o Universal Direitos Humanos), sendo a base de todos [&hellip;]<\/p>\n","protected":false},"author":1,"featured_media":8380,"comment_status":"open","ping_status":"closed","sticky":false,"template":"","format":"standard","meta":{"ngg_post_thumbnail":0},"categories":[1,4,2,6,22],"tags":[],"_links":{"self":[{"href":"http:\/\/paroquiagloria.org\/v2\/index.php?rest_route=\/wp\/v2\/posts\/8375"}],"collection":[{"href":"http:\/\/paroquiagloria.org\/v2\/index.php?rest_route=\/wp\/v2\/posts"}],"about":[{"href":"http:\/\/paroquiagloria.org\/v2\/index.php?rest_route=\/wp\/v2\/types\/post"}],"author":[{"embeddable":true,"href":"http:\/\/paroquiagloria.org\/v2\/index.php?rest_route=\/wp\/v2\/users\/1"}],"replies":[{"embeddable":true,"href":"http:\/\/paroquiagloria.org\/v2\/index.php?rest_route=%2Fwp%2Fv2%2Fcomments&post=8375"}],"version-history":[{"count":3,"href":"http:\/\/paroquiagloria.org\/v2\/index.php?rest_route=\/wp\/v2\/posts\/8375\/revisions"}],"predecessor-version":[{"id":8402,"href":"http:\/\/paroquiagloria.org\/v2\/index.php?rest_route=\/wp\/v2\/posts\/8375\/revisions\/8402"}],"wp:featuredmedia":[{"embeddable":true,"href":"http:\/\/paroquiagloria.org\/v2\/index.php?rest_route=\/wp\/v2\/media\/8380"}],"wp:attachment":[{"href":"http:\/\/paroquiagloria.org\/v2\/index.php?rest_route=%2Fwp%2Fv2%2Fmedia&parent=8375"}],"wp:term":[{"taxonomy":"category","embeddable":true,"href":"http:\/\/paroquiagloria.org\/v2\/index.php?rest_route=%2Fwp%2Fv2%2Fcategories&post=8375"},{"taxonomy":"post_tag","embeddable":true,"href":"http:\/\/paroquiagloria.org\/v2\/index.php?rest_route=%2Fwp%2Fv2%2Ftags&post=8375"}],"curies":[{"name":"wp","href":"https:\/\/api.w.org\/{rel}","templated":true}]}}