{"id":8367,"date":"2020-02-08T19:39:36","date_gmt":"2020-02-08T19:39:36","guid":{"rendered":"http:\/\/paroquiagloria.org\/v2\/?p=8367"},"modified":"2020-02-08T19:44:34","modified_gmt":"2020-02-08T19:44:34","slug":"vos-sois-2","status":"publish","type":"post","link":"http:\/\/paroquiagloria.org\/v2\/?p=8367","title":{"rendered":"&#8220;V\u00f3s sois&#8230;!\u201d"},"content":{"rendered":"<p><a href=\"http:\/\/paroquiagloria.org\/v2\/wp-content\/uploads\/2013\/02\/5dtc_C.jpg\"><img loading=\"lazy\" class=\"size-full wp-image-8354 aligncenter\" src=\"http:\/\/paroquiagloria.org\/v2\/wp-content\/uploads\/2013\/02\/5dtc_C.jpg\" alt=\"5dtc_C\" width=\"1000\" height=\"808\" srcset=\"http:\/\/paroquiagloria.org\/v2\/wp-content\/uploads\/2013\/02\/5dtc_C.jpg 1000w, http:\/\/paroquiagloria.org\/v2\/wp-content\/uploads\/2013\/02\/5dtc_C-300x242.jpg 300w\" sizes=\"(max-width: 1000px) 100vw, 1000px\" \/><\/a><\/p>\n<p>&nbsp;<\/p>\n<p style=\"text-align: justify;\">O Evangelho deste domingo cont\u00e9m afirma\u00e7\u00f5es surpreendentes a que, convenhamos, ainda n\u00e3o estamos habituados: &#8220;V\u00f3s sois o sal da terra&#8230; v\u00f3s sois a luz do mundo&#8221;.<br \/>\nJesus diz &#8220;V\u00f3s sois&#8230;&#8221; e n\u00e3o v\u00f3s deveis ser&#8230; ou esfor\u00e7ai-vos por ser&#8230;<br \/>\nS\u00e3o afirma\u00e7\u00f5es e n\u00e3o elogios, que responsabilizam particularmente os baptizados, porque, continua o texto, &#8220;se o sal perder a for\u00e7a, com que h\u00e1-de salgar-se?&#8230; N\u00e3o serve para nada, sen\u00e3o para ser lan\u00e7ado fora e pisado pelos homens&#8221;.<br \/>\nE quanto a sermos luz?<br \/>\nDe facto, somos luminosos, os mais luminosos entre todas as criaturas, mas a nossa luz n\u00e3o \u00e9 pr\u00f3pria, porque a recebemos de Deus, e podemos, sem perder a nossa dignidade de criaturas e filhos, deixar de iluminar os nossos ambientes de vida.<br \/>\nImporta que cada um de n\u00f3s, responsavelmente, saiba descobrir como h\u00e1-de ser luz, pois, se a maneira como vivemos n\u00e3o orienta para o bem e para Deus, arriscamo-nos a ser como o sal estragado ou a luz debaixo do alqueire, porque nos tornamos ins\u00edpidos, insignificantes e in\u00fateis.<\/p>\n<p style=\"text-align: right;\">P. Fausto<\/p>\n<p style=\"text-align: right;\"><em>in<\/em> Di\u00e1logo 1687 (V Domingo do Tempo Comum &#8211; Ano A)<\/p>\n","protected":false},"excerpt":{"rendered":"<p>&nbsp; O Evangelho deste domingo cont\u00e9m afirma\u00e7\u00f5es surpreendentes a que, convenhamos, ainda n\u00e3o estamos habituados: &#8220;V\u00f3s sois o sal da terra&#8230; v\u00f3s sois a luz do mundo&#8221;. Jesus diz &#8220;V\u00f3s sois&#8230;&#8221; e n\u00e3o v\u00f3s deveis ser&#8230; ou esfor\u00e7ai-vos por ser&#8230; S\u00e3o afirma\u00e7\u00f5es e n\u00e3o elogios, que responsabilizam particularmente os baptizados, porque, continua o texto, &#8220;se [&hellip;]<\/p>\n","protected":false},"author":1,"featured_media":8355,"comment_status":"open","ping_status":"closed","sticky":false,"template":"","format":"standard","meta":{"ngg_post_thumbnail":0},"categories":[1,4,2,6,17],"tags":[],"_links":{"self":[{"href":"http:\/\/paroquiagloria.org\/v2\/index.php?rest_route=\/wp\/v2\/posts\/8367"}],"collection":[{"href":"http:\/\/paroquiagloria.org\/v2\/index.php?rest_route=\/wp\/v2\/posts"}],"about":[{"href":"http:\/\/paroquiagloria.org\/v2\/index.php?rest_route=\/wp\/v2\/types\/post"}],"author":[{"embeddable":true,"href":"http:\/\/paroquiagloria.org\/v2\/index.php?rest_route=\/wp\/v2\/users\/1"}],"replies":[{"embeddable":true,"href":"http:\/\/paroquiagloria.org\/v2\/index.php?rest_route=%2Fwp%2Fv2%2Fcomments&post=8367"}],"version-history":[{"count":2,"href":"http:\/\/paroquiagloria.org\/v2\/index.php?rest_route=\/wp\/v2\/posts\/8367\/revisions"}],"predecessor-version":[{"id":8369,"href":"http:\/\/paroquiagloria.org\/v2\/index.php?rest_route=\/wp\/v2\/posts\/8367\/revisions\/8369"}],"wp:featuredmedia":[{"embeddable":true,"href":"http:\/\/paroquiagloria.org\/v2\/index.php?rest_route=\/wp\/v2\/media\/8355"}],"wp:attachment":[{"href":"http:\/\/paroquiagloria.org\/v2\/index.php?rest_route=%2Fwp%2Fv2%2Fmedia&parent=8367"}],"wp:term":[{"taxonomy":"category","embeddable":true,"href":"http:\/\/paroquiagloria.org\/v2\/index.php?rest_route=%2Fwp%2Fv2%2Fcategories&post=8367"},{"taxonomy":"post_tag","embeddable":true,"href":"http:\/\/paroquiagloria.org\/v2\/index.php?rest_route=%2Fwp%2Fv2%2Ftags&post=8367"}],"curies":[{"name":"wp","href":"https:\/\/api.w.org\/{rel}","templated":true}]}}