{"id":8365,"date":"2020-02-08T19:38:09","date_gmt":"2020-02-08T19:38:09","guid":{"rendered":"http:\/\/paroquiagloria.org\/v2\/?p=8365"},"modified":"2020-02-08T20:03:01","modified_gmt":"2020-02-08T20:03:01","slug":"cantinho-da-familia-11","status":"publish","type":"post","link":"http:\/\/paroquiagloria.org\/v2\/?p=8365","title":{"rendered":"\u201cCANTINHO DA FAM\u00cdLIA\u201d &#8211; 11"},"content":{"rendered":"<p><a href=\"http:\/\/paroquiagloria.org\/v2\/wp-content\/uploads\/2019\/12\/banner_terapia-familiar.jpg\"><img loading=\"lazy\" class=\"size-full wp-image-8193 aligncenter\" src=\"http:\/\/paroquiagloria.org\/v2\/wp-content\/uploads\/2019\/12\/banner_terapia-familiar.jpg\" alt=\"banner_terapia-familiar\" width=\"960\" height=\"450\" srcset=\"http:\/\/paroquiagloria.org\/v2\/wp-content\/uploads\/2019\/12\/banner_terapia-familiar.jpg 960w, http:\/\/paroquiagloria.org\/v2\/wp-content\/uploads\/2019\/12\/banner_terapia-familiar-300x141.jpg 300w\" sizes=\"(max-width: 960px) 100vw, 960px\" \/><\/a><\/p>\n<p>&nbsp;<\/p>\n<p><strong>Num tempo em que se fala tanto de eutan\u00e1sia, \u00e9 necess\u00e1rio meditar no que escreve o Papa Francisco, sobre os Idosos, no n\u00b0191 da sua Exorta\u00e7\u00e3o Apost\u00f3lica &#8220;Amoris Laetitia\u201d:<\/strong><\/p>\n<p>&#8220;N\u00e3o me rejeites no tempo da velhice; n\u00e3o me abandones, quando j\u00e1 n\u00e3o tiver for\u00e7as.&#8221;( Salmo 71)<br \/>\n\u00c9 o brado do idoso, que teme o esquecimento e o desprezo. Assim como Deus nos convida a ser seus instrumentos para escutar a s\u00faplica dos pobres, assim tamb\u00e9m espera que ou\u00e7amos o brado dos idosos.<br \/>\nDevemos despertar o sentido colectivo de gratid\u00e3o, apre\u00e7o, hospitalidade, que fa\u00e7a o idoso sentir-se parte viva da sua comunidade. Os idosos s\u00e3o homens e mulheres, pais e m\u00e3es que, antes de n\u00f3s, percorreram o nosso pr\u00f3prio caminho, estiveram na nossa mesma casa, combateram a nossa mesma batalha di\u00e1ria por uma vida digna.<br \/>\nPor isso, como gostaria de uma Igreja que desafia a cultura do descarte com a alegria transbordante de um novo abra\u00e7o entre jovens e idosos.<br \/>\nS. Jo\u00e3o Paulo II convidou-nos a prestar aten\u00e7\u00e3o ao lugar do idoso na fam\u00edlia, porque h\u00e1 culturas que, especialmente depois de um desenvolvimento industrial e urban\u00edstico desordenado, for\u00e7aram, e continuam a for\u00e7ar, os idosos a situa\u00e7\u00f5es inaceit\u00e1veis de marginaliza\u00e7\u00e3o&#8221;.<\/p>\n<p>&nbsp;<\/p>\n\r\n\t\t\t<div class='et-tabs-container et_sliderfx_fade et_sliderauto_false et_sliderauto_speed_5000 et_slidertype_top_tabs'>\r\n\t\t\t\t<ul class='et-tabs-control'>\r\n\t\t\t<li><a href='#'>\r\n\t\t\t\r\n\t\t<\/a><\/li>\r\n\t\t<\/ul> <!-- .et-tabs-control --> \r\n\t\t<div class='et-tabs-content'>\r\n\t\t\t<div class='et-tabs-content-wrapper'>\r\n\t\t\t\t<div class='et_slidecontent'>\r\n\t\t\t<span style=\"color: #ff0000;\"><strong>Ora\u00e7\u00e3o de Ben\u00e7\u00e3o para a mesa durante a semana:<\/strong> <\/span>Senhor, aben\u00e7oa os alimentos que vamos tomar, para termos sempre sa\u00fade e for\u00e7a para sermos o sal da terra e a Luz do mundo. Que esse condimento que d\u00e1 sabor aos alimentos, sejamos n\u00f3s, no nosso trabalho, na nossa escola, nas nossas amizades, na nossa fam\u00edlia. Gl\u00f3ria ao Pai, ao Filho e ao Esp\u00edrito Santo, Como era no princ\u00edpio, agora e sempre. Am\u00e9m\r\n\t\t<\/div>\r\n\t\t\t<\/div>\r\n\t\t<\/div>\r\n\t\t\t<\/div> <!-- .et-tabs-container -->\n<p>&nbsp;<\/p>\n<div class='et-learn-more clearfix'>\r\n\t\t\t\t\t<h3 class='heading-more'>Click here to learn more<span class='et_learnmore_arrow'><span><\/span><\/span><\/h3>\r\n\t\t\t\t\t<div class='learn-more-content'><strong><span style=\"color: #0000ff;\">N\u00e3o esque\u00e7a a tarde de reflex\u00e3o do pr\u00f3ximo s\u00e1bado, dia 15, com in\u00edcio \u00e0s 14h30, no sal\u00e3o de Nossa Senhora da Gl\u00f3ria, no Centro Paroquial. A entrada, especialmente dirigida a Casais, \u00e9 LIVRE.<\/span><\/strong><\/div>\r\n\t\t\t\t<\/div>\n","protected":false},"excerpt":{"rendered":"<p>&nbsp; Num tempo em que se fala tanto de eutan\u00e1sia, \u00e9 necess\u00e1rio meditar no que escreve o Papa Francisco, sobre os Idosos, no n\u00b0191 da sua Exorta\u00e7\u00e3o Apost\u00f3lica &#8220;Amoris Laetitia\u201d: &#8220;N\u00e3o me rejeites no tempo da velhice; n\u00e3o me abandones, quando j\u00e1 n\u00e3o tiver for\u00e7as.&#8221;( Salmo 71) \u00c9 o brado do idoso, que teme o [&hellip;]<\/p>\n","protected":false},"author":1,"featured_media":8193,"comment_status":"open","ping_status":"closed","sticky":false,"template":"","format":"standard","meta":{"ngg_post_thumbnail":0},"categories":[1,4,2,6,22],"tags":[],"_links":{"self":[{"href":"http:\/\/paroquiagloria.org\/v2\/index.php?rest_route=\/wp\/v2\/posts\/8365"}],"collection":[{"href":"http:\/\/paroquiagloria.org\/v2\/index.php?rest_route=\/wp\/v2\/posts"}],"about":[{"href":"http:\/\/paroquiagloria.org\/v2\/index.php?rest_route=\/wp\/v2\/types\/post"}],"author":[{"embeddable":true,"href":"http:\/\/paroquiagloria.org\/v2\/index.php?rest_route=\/wp\/v2\/users\/1"}],"replies":[{"embeddable":true,"href":"http:\/\/paroquiagloria.org\/v2\/index.php?rest_route=%2Fwp%2Fv2%2Fcomments&post=8365"}],"version-history":[{"count":3,"href":"http:\/\/paroquiagloria.org\/v2\/index.php?rest_route=\/wp\/v2\/posts\/8365\/revisions"}],"predecessor-version":[{"id":8371,"href":"http:\/\/paroquiagloria.org\/v2\/index.php?rest_route=\/wp\/v2\/posts\/8365\/revisions\/8371"}],"wp:featuredmedia":[{"embeddable":true,"href":"http:\/\/paroquiagloria.org\/v2\/index.php?rest_route=\/wp\/v2\/media\/8193"}],"wp:attachment":[{"href":"http:\/\/paroquiagloria.org\/v2\/index.php?rest_route=%2Fwp%2Fv2%2Fmedia&parent=8365"}],"wp:term":[{"taxonomy":"category","embeddable":true,"href":"http:\/\/paroquiagloria.org\/v2\/index.php?rest_route=%2Fwp%2Fv2%2Fcategories&post=8365"},{"taxonomy":"post_tag","embeddable":true,"href":"http:\/\/paroquiagloria.org\/v2\/index.php?rest_route=%2Fwp%2Fv2%2Ftags&post=8365"}],"curies":[{"name":"wp","href":"https:\/\/api.w.org\/{rel}","templated":true}]}}