{"id":8360,"date":"2020-02-08T19:33:39","date_gmt":"2020-02-08T19:33:39","guid":{"rendered":"http:\/\/paroquiagloria.org\/v2\/?p=8360"},"modified":"2020-02-08T19:33:39","modified_gmt":"2020-02-08T19:33:39","slug":"xxviii-dia-mundial-do-doente","status":"publish","type":"post","link":"http:\/\/paroquiagloria.org\/v2\/?p=8360","title":{"rendered":"XXVIII DIA MUNDIAL DO DOENTE"},"content":{"rendered":"<p>&nbsp;<\/p>\n<h1>11 de Fevereiro de 2020<\/h1>\n<p><a href=\"http:\/\/paroquiagloria.org\/v2\/wp-content\/uploads\/2020\/02\/dia_mundial_doente2020-390x260-1.jpg\"><img loading=\"lazy\" class=\"size-full wp-image-8362 aligncenter\" src=\"http:\/\/paroquiagloria.org\/v2\/wp-content\/uploads\/2020\/02\/dia_mundial_doente2020-390x260-1.jpg\" alt=\"dia_mundial_doente2020-390x260-1\" width=\"390\" height=\"260\" srcset=\"http:\/\/paroquiagloria.org\/v2\/wp-content\/uploads\/2020\/02\/dia_mundial_doente2020-390x260-1.jpg 390w, http:\/\/paroquiagloria.org\/v2\/wp-content\/uploads\/2020\/02\/dia_mundial_doente2020-390x260-1-300x200.jpg 300w, http:\/\/paroquiagloria.org\/v2\/wp-content\/uploads\/2020\/02\/dia_mundial_doente2020-390x260-1-140x94.jpg 140w\" sizes=\"(max-width: 390px) 100vw, 390px\" \/><\/a><\/p>\n<p>&nbsp;<\/p>\n<h3><strong>&#8220;Vinde a Mim, todos os que estais cansados e oprimidos, que Eu hei de aliviar-vos&#8221; (Mt 11, 28)<\/strong><\/h3>\n<p>O Papa Francisco na <a href=\"http:\/\/paroquiagloria.org\/v2\/wp-content\/uploads\/2020\/02\/papa-francesco_20200103_giornata-malato.pdf\" target=\"_blank\">mensagem para o XXVIII Dia Mundial do Doente<\/a> sublinha que Jesus chama a um caminho de gra\u00e7a que se manifesta aos simples, e revigora os cansados e exaustos.<br \/>\nNeste dia, de forma especial, fala a cada doente e oprimido. A passagem por um tempo de doen\u00e7a, ainda que por vezes seja duro e muitas vezes angustiante, permite olhar para os outros doentes de forma mais solid\u00e1ria. S\u00e3o v\u00e1rios os doentes que na nossa par\u00f3quia s\u00e3o visitados por volunt\u00e1rios que dedicam parte do seu tempo a acompanhar, conversar e ouvir as vidas de cada idoso.<br \/>\nJesus convida a n\u00e3o ter medo de olhar para Ele, de ir ao Seu encontro &#8220;vinde&#8221;, Ele que vem para ser &#8220;luz nos vossos momentos de escurid\u00e3o e a esperan\u00e7a para o vosso desalento.&#8221;<br \/>\nO Papa lembra ainda os profissionais de sa\u00fade que, atrav\u00e9s do seu trabalho e compet\u00eancias s\u00e3o imagem e presen\u00e7a de Cristo.<br \/>\nA mensagem para este dia termina a sublinhar a import\u00e2ncia da preserva\u00e7\u00e3o da vida que &#8220;\u00e9 sacra e pertence a Deus\u201d sendo, por conseguinte, inviol\u00e1vel e indispon\u00edvel. No pr\u00f3ximo dia 20 de Fevereiro vai \u00e0 Assembleia da Rep\u00fablica o projecto de lei para aprovar a despenaliza\u00e7\u00e3o da eutan\u00e1sia. &#8220;A vida h\u00e1 de ser acolhida, tutelada, respeitada e servida desde o seu in\u00edcio at\u00e9 \u00e0 morte: exigem-no simultaneamente tanto a raz\u00e3o como a f\u00e9 em Deus, autor da vida&#8221;, lembra-nos o Papa.<\/p>\n<p>&nbsp;<\/p>\n","protected":false},"excerpt":{"rendered":"<p>&nbsp; 11 de Fevereiro de 2020 &nbsp; &#8220;Vinde a Mim, todos os que estais cansados e oprimidos, que Eu hei de aliviar-vos&#8221; (Mt 11, 28) O Papa Francisco na mensagem para o XXVIII Dia Mundial do Doente sublinha que Jesus chama a um caminho de gra\u00e7a que se manifesta aos simples, e revigora os cansados [&hellip;]<\/p>\n","protected":false},"author":1,"featured_media":8361,"comment_status":"open","ping_status":"closed","sticky":false,"template":"","format":"standard","meta":{"ngg_post_thumbnail":0},"categories":[1,4,2,6,22],"tags":[],"_links":{"self":[{"href":"http:\/\/paroquiagloria.org\/v2\/index.php?rest_route=\/wp\/v2\/posts\/8360"}],"collection":[{"href":"http:\/\/paroquiagloria.org\/v2\/index.php?rest_route=\/wp\/v2\/posts"}],"about":[{"href":"http:\/\/paroquiagloria.org\/v2\/index.php?rest_route=\/wp\/v2\/types\/post"}],"author":[{"embeddable":true,"href":"http:\/\/paroquiagloria.org\/v2\/index.php?rest_route=\/wp\/v2\/users\/1"}],"replies":[{"embeddable":true,"href":"http:\/\/paroquiagloria.org\/v2\/index.php?rest_route=%2Fwp%2Fv2%2Fcomments&post=8360"}],"version-history":[{"count":1,"href":"http:\/\/paroquiagloria.org\/v2\/index.php?rest_route=\/wp\/v2\/posts\/8360\/revisions"}],"predecessor-version":[{"id":8364,"href":"http:\/\/paroquiagloria.org\/v2\/index.php?rest_route=\/wp\/v2\/posts\/8360\/revisions\/8364"}],"wp:featuredmedia":[{"embeddable":true,"href":"http:\/\/paroquiagloria.org\/v2\/index.php?rest_route=\/wp\/v2\/media\/8361"}],"wp:attachment":[{"href":"http:\/\/paroquiagloria.org\/v2\/index.php?rest_route=%2Fwp%2Fv2%2Fmedia&parent=8360"}],"wp:term":[{"taxonomy":"category","embeddable":true,"href":"http:\/\/paroquiagloria.org\/v2\/index.php?rest_route=%2Fwp%2Fv2%2Fcategories&post=8360"},{"taxonomy":"post_tag","embeddable":true,"href":"http:\/\/paroquiagloria.org\/v2\/index.php?rest_route=%2Fwp%2Fv2%2Ftags&post=8360"}],"curies":[{"name":"wp","href":"https:\/\/api.w.org\/{rel}","templated":true}]}}