{"id":8351,"date":"2020-02-01T19:00:19","date_gmt":"2020-02-01T19:00:19","guid":{"rendered":"http:\/\/paroquiagloria.org\/v2\/?p=8351"},"modified":"2020-02-01T19:00:19","modified_gmt":"2020-02-01T19:00:19","slug":"alegres-e-luminosos","status":"publish","type":"post","link":"http:\/\/paroquiagloria.org\/v2\/?p=8351","title":{"rendered":"Alegres e luminosos!"},"content":{"rendered":"<p>&nbsp;<\/p>\n<p><a href=\"http:\/\/paroquiagloria.org\/v2\/wp-content\/uploads\/2020\/02\/ApresentacaoSr_A.jpg\"><img loading=\"lazy\" class=\"size-full wp-image-8337 aligncenter\" src=\"http:\/\/paroquiagloria.org\/v2\/wp-content\/uploads\/2020\/02\/ApresentacaoSr_A.jpg\" alt=\"ApresentacaoSr_A\" width=\"748\" height=\"957\" srcset=\"http:\/\/paroquiagloria.org\/v2\/wp-content\/uploads\/2020\/02\/ApresentacaoSr_A.jpg 748w, http:\/\/paroquiagloria.org\/v2\/wp-content\/uploads\/2020\/02\/ApresentacaoSr_A-234x300.jpg 234w\" sizes=\"(max-width: 748px) 100vw, 748px\" \/><\/a><\/p>\n<p style=\"text-align: justify;\">Este ano, no 4\u00b0 Domingo do Tempo Comum, celebramos a Festa da Apresenta\u00e7\u00e3o do Senhor no templo, em Jerusal\u00e9m, por seus pais, Maria e Jos\u00e9.<br \/>\n\u00c9 festa da Luz, com ben\u00e7\u00e3o de velas, que, acesas no C\u00edrio Pascal, h\u00e3o-de traduzir a vontade de sermos luz na Luz, que \u00e9 Jesus. E n\u00e3o h\u00e1 modo mais genu\u00edno e radical de o fazer que viver as Bem-aventuran\u00e7as. S\u00e3o o cora\u00e7\u00e3o do Evangelho e a aut\u00eantica Carta Magna, que Jesus deixa aos homens, e n\u00e3o apenas aos crist\u00e3os, para serem Felizes.<br \/>\nO velho Sime\u00e3o intuiu este mundo novo inaugurado por Cristo, hoje apresentado no templo e reconhecido como Luz para todos os povos, e alegrou-se ao experimentar antecipadamente a felicidade de habitar num mundo, onde mais importante que ter riqueza ou poder, \u00e9 ser misericordioso, puro, sincero, pobre, justo,&#8230; um mundo n\u00e3o de poderosos que disputam lideran\u00e7as, mas de homens que promovem a solidariedade, a justi\u00e7a e a paz.<br \/>\nA Festa da Apresenta\u00e7\u00e3o do Senhor \u00e9 ocasi\u00e3o privilegiada para renovarmos a nossa F\u00e9 em Cristo, Luz para o mundo, cujos cantos, por mais rec\u00f4nditos, se tornar\u00e3o, com a nossa presen\u00e7a, mais luminosos, se vivermos as Bem-venturan\u00e7as. E isto s\u00f3 se consegue, como recomenda o Papa Francisco, com evangelizadores alegres e cheios de vida.<\/p>\n<p style=\"text-align: right;\">\nP. Fausto<\/p>\n<p style=\"text-align: right;\"><em>in<\/em> Di\u00e1logo 1686 (Festa da Apresenta\u00e7\u00e3o do Senhor (4\u00baDTC) &#8211; Ano A)<\/p>\n","protected":false},"excerpt":{"rendered":"<p>&nbsp; Este ano, no 4\u00b0 Domingo do Tempo Comum, celebramos a Festa da Apresenta\u00e7\u00e3o do Senhor no templo, em Jerusal\u00e9m, por seus pais, Maria e Jos\u00e9. \u00c9 festa da Luz, com ben\u00e7\u00e3o de velas, que, acesas no C\u00edrio Pascal, h\u00e3o-de traduzir a vontade de sermos luz na Luz, que \u00e9 Jesus. E n\u00e3o h\u00e1 modo [&hellip;]<\/p>\n","protected":false},"author":1,"featured_media":8338,"comment_status":"open","ping_status":"closed","sticky":false,"template":"","format":"standard","meta":{"ngg_post_thumbnail":0},"categories":[1,4,2,6,17],"tags":[],"_links":{"self":[{"href":"http:\/\/paroquiagloria.org\/v2\/index.php?rest_route=\/wp\/v2\/posts\/8351"}],"collection":[{"href":"http:\/\/paroquiagloria.org\/v2\/index.php?rest_route=\/wp\/v2\/posts"}],"about":[{"href":"http:\/\/paroquiagloria.org\/v2\/index.php?rest_route=\/wp\/v2\/types\/post"}],"author":[{"embeddable":true,"href":"http:\/\/paroquiagloria.org\/v2\/index.php?rest_route=\/wp\/v2\/users\/1"}],"replies":[{"embeddable":true,"href":"http:\/\/paroquiagloria.org\/v2\/index.php?rest_route=%2Fwp%2Fv2%2Fcomments&post=8351"}],"version-history":[{"count":1,"href":"http:\/\/paroquiagloria.org\/v2\/index.php?rest_route=\/wp\/v2\/posts\/8351\/revisions"}],"predecessor-version":[{"id":8352,"href":"http:\/\/paroquiagloria.org\/v2\/index.php?rest_route=\/wp\/v2\/posts\/8351\/revisions\/8352"}],"wp:featuredmedia":[{"embeddable":true,"href":"http:\/\/paroquiagloria.org\/v2\/index.php?rest_route=\/wp\/v2\/media\/8338"}],"wp:attachment":[{"href":"http:\/\/paroquiagloria.org\/v2\/index.php?rest_route=%2Fwp%2Fv2%2Fmedia&parent=8351"}],"wp:term":[{"taxonomy":"category","embeddable":true,"href":"http:\/\/paroquiagloria.org\/v2\/index.php?rest_route=%2Fwp%2Fv2%2Fcategories&post=8351"},{"taxonomy":"post_tag","embeddable":true,"href":"http:\/\/paroquiagloria.org\/v2\/index.php?rest_route=%2Fwp%2Fv2%2Ftags&post=8351"}],"curies":[{"name":"wp","href":"https:\/\/api.w.org\/{rel}","templated":true}]}}