{"id":8348,"date":"2020-02-01T18:58:43","date_gmt":"2020-02-01T18:58:43","guid":{"rendered":"http:\/\/paroquiagloria.org\/v2\/?p=8348"},"modified":"2020-02-01T18:58:43","modified_gmt":"2020-02-01T18:58:43","slug":"cantinho-da-familia-10","status":"publish","type":"post","link":"http:\/\/paroquiagloria.org\/v2\/?p=8348","title":{"rendered":"\u201cCANTINHO DA FAM\u00cdLIA\u201d &#8211; 10"},"content":{"rendered":"<p>&nbsp;<\/p>\n<p><a href=\"http:\/\/paroquiagloria.org\/v2\/wp-content\/uploads\/2020\/02\/ca18.jpg\"><img loading=\"lazy\" class=\"size-full wp-image-8341 aligncenter\" src=\"http:\/\/paroquiagloria.org\/v2\/wp-content\/uploads\/2020\/02\/ca18.jpg\" alt=\"ca18\" width=\"480\" height=\"360\" srcset=\"http:\/\/paroquiagloria.org\/v2\/wp-content\/uploads\/2020\/02\/ca18.jpg 480w, http:\/\/paroquiagloria.org\/v2\/wp-content\/uploads\/2020\/02\/ca18-300x225.jpg 300w\" sizes=\"(max-width: 480px) 100vw, 480px\" \/><\/a><\/p>\n<p>&nbsp;<\/p>\n<h2>Manual de Instru\u00e7\u00f5es<\/h2>\n<p>Que saibamos, Deus n\u00e3o deu qualquer manual de instru\u00e7\u00f5es a Maria e Jos\u00e9 para educar sabiamente Jesus. E foram extremamente importantes neste processo.<\/p>\n<p>&nbsp;<\/p>\n<h3><em><strong>O que pensa o Papa Francisco sobre o papel da Fam\u00edlia?<\/strong><\/em><\/h3>\n<p>&#8220;A fam\u00edlia \u00e9 a primeira escola dos valores humanos, onde se aprende o bom uso da liberdade&#8230;<br \/>\nNa \u00e9poca actual, em que reina a ansiedade e a pressa tecnol\u00f3gica, uma tarefa important\u00edssima das fam\u00edlias \u00e9 educar para a capacidade de esperar. N\u00e3o se trata de proibir as crian\u00e7as de jogarem com os dispositivos electr\u00f3nicos, mas de encontrar a forma de gerar nelas a capacidade de diferenciarem as diversas l\u00f3gicas e n\u00e3o aplicarem a velocidade digital a todas as \u00e1reas da vida.<br \/>\nQuando as crian\u00e7as ou adolescentes n\u00e3o s\u00e3o educados para aceitar que algumas coisas devem esperar, tornam-se prepotentes, submetem tudo \u00e0 satisfa\u00e7\u00e3o das suas necessidades imediatas e crescem com o v\u00edcio do &#8220;tudo e imediato&#8221;.<br \/>\nEste \u00e9 um grande engano que n\u00e3o favorece a liberdade; antes, intoxica-a.<\/p>\n<p>A fam\u00edlia \u00e9 o \u00e2mbito da sociabiliza\u00e7\u00e3o prim\u00e1ria, porque \u00e9 o primeiro lugar onde se aprende a relacionar com o outro, a escutar, partilhar, suportar, respeitar, ajudar, conviver&#8230; No contexto familiar ensina-se a recuperar a proximidade, o cuidado, a sauda\u00e7\u00e3o&#8230;&#8221;<\/p>\n<p style=\"text-align: right;\">(n\u00b0 274 276 da II Exorta\u00e7\u00e3o Apost\u00f3lica do Papa Francisco &#8220;<em>Amoris Laetitia<\/em>&#8220;)<\/p>\n<p style=\"text-align: right;\">\n<p style=\"text-align: right;\">\r\n\t\t\t<div class='et-tabs-container et_sliderfx_fade et_sliderauto_false et_sliderauto_speed_5000 et_slidertype_top_tabs'>\r\n\t\t\t\t<ul class='et-tabs-control'>\r\n\t\t\t<li><a href='#'>\r\n\t\t\t\r\n\t\t<\/a><\/li>\r\n\t\t<\/ul> <!-- .et-tabs-control --> \r\n\t\t<div class='et-tabs-content'>\r\n\t\t\t<div class='et-tabs-content-wrapper'>\r\n\t\t\t\t<div class='et_slidecontent'>\r\n\t\t\t<span style=\"color: #ff0000;\"><strong>Ora\u00e7\u00e3o de Ben\u00e7\u00e3o para a mesa durante a semana:<\/strong><\/span> Senhor, agora, na hora da refei\u00e7\u00e3o, e para sempre, faz do nosso lar um santu\u00e1rio da tua vida e do teu amor. Queremos ser um sinal do Teu reino. Gl\u00f3ria ao Pai, ao Filho e ao Esp\u00edrito Santo, Como era no princ\u00edpio, agora e sempre. Am\u00e9m\r\n\t\t<\/div>\r\n\t\t\t<\/div>\r\n\t\t<\/div>\r\n\t\t\t<\/div> <!-- .et-tabs-container --><\/p>\n<p style=\"text-align: right;\">\n<p style=\"text-align: left;\"><div class='et-box et-shadow'>\r\n\t\t\t\t\t<div class='et-box-content'><strong>TOME NOTA:<\/strong> No 15 de Fevereiro, com in\u00edcio \u00e0s 14h30, no Centro Paroquial, decorrer\u00e1 a segunda tarde de reflex\u00e3o sobre a &#8220;Amoris laetitia&#8221;. Destina-se especialmente a Casais.<\/div><\/div><\/p>\n","protected":false},"excerpt":{"rendered":"<p>&nbsp; &nbsp; Manual de Instru\u00e7\u00f5es Que saibamos, Deus n\u00e3o deu qualquer manual de instru\u00e7\u00f5es a Maria e Jos\u00e9 para educar sabiamente Jesus. E foram extremamente importantes neste processo. &nbsp; O que pensa o Papa Francisco sobre o papel da Fam\u00edlia? &#8220;A fam\u00edlia \u00e9 a primeira escola dos valores humanos, onde se aprende o bom uso [&hellip;]<\/p>\n","protected":false},"author":1,"featured_media":8349,"comment_status":"open","ping_status":"closed","sticky":false,"template":"","format":"standard","meta":{"ngg_post_thumbnail":0},"categories":[1,4,2,6,22],"tags":[],"_links":{"self":[{"href":"http:\/\/paroquiagloria.org\/v2\/index.php?rest_route=\/wp\/v2\/posts\/8348"}],"collection":[{"href":"http:\/\/paroquiagloria.org\/v2\/index.php?rest_route=\/wp\/v2\/posts"}],"about":[{"href":"http:\/\/paroquiagloria.org\/v2\/index.php?rest_route=\/wp\/v2\/types\/post"}],"author":[{"embeddable":true,"href":"http:\/\/paroquiagloria.org\/v2\/index.php?rest_route=\/wp\/v2\/users\/1"}],"replies":[{"embeddable":true,"href":"http:\/\/paroquiagloria.org\/v2\/index.php?rest_route=%2Fwp%2Fv2%2Fcomments&post=8348"}],"version-history":[{"count":1,"href":"http:\/\/paroquiagloria.org\/v2\/index.php?rest_route=\/wp\/v2\/posts\/8348\/revisions"}],"predecessor-version":[{"id":8350,"href":"http:\/\/paroquiagloria.org\/v2\/index.php?rest_route=\/wp\/v2\/posts\/8348\/revisions\/8350"}],"wp:featuredmedia":[{"embeddable":true,"href":"http:\/\/paroquiagloria.org\/v2\/index.php?rest_route=\/wp\/v2\/media\/8349"}],"wp:attachment":[{"href":"http:\/\/paroquiagloria.org\/v2\/index.php?rest_route=%2Fwp%2Fv2%2Fmedia&parent=8348"}],"wp:term":[{"taxonomy":"category","embeddable":true,"href":"http:\/\/paroquiagloria.org\/v2\/index.php?rest_route=%2Fwp%2Fv2%2Fcategories&post=8348"},{"taxonomy":"post_tag","embeddable":true,"href":"http:\/\/paroquiagloria.org\/v2\/index.php?rest_route=%2Fwp%2Fv2%2Ftags&post=8348"}],"curies":[{"name":"wp","href":"https:\/\/api.w.org\/{rel}","templated":true}]}}