{"id":8336,"date":"2020-02-01T18:48:54","date_gmt":"2020-02-01T18:48:54","guid":{"rendered":"http:\/\/paroquiagloria.org\/v2\/?p=8336"},"modified":"2020-02-01T18:53:02","modified_gmt":"2020-02-01T18:53:02","slug":"formar-te","status":"publish","type":"post","link":"http:\/\/paroquiagloria.org\/v2\/?p=8336","title":{"rendered":"FormAr-Te"},"content":{"rendered":"<p>&nbsp;<\/p>\n<p>&nbsp;<\/p>\n<p><a href=\"http:\/\/paroquiagloria.org\/v2\/wp-content\/uploads\/2020\/02\/formar_te.jpg\"><img loading=\"lazy\" class=\"size-full wp-image-8343 aligncenter\" src=\"http:\/\/paroquiagloria.org\/v2\/wp-content\/uploads\/2020\/02\/formar_te.jpg\" alt=\"formar_te\" width=\"960\" height=\"960\" srcset=\"http:\/\/paroquiagloria.org\/v2\/wp-content\/uploads\/2020\/02\/formar_te.jpg 960w, http:\/\/paroquiagloria.org\/v2\/wp-content\/uploads\/2020\/02\/formar_te-150x150.jpg 150w, http:\/\/paroquiagloria.org\/v2\/wp-content\/uploads\/2020\/02\/formar_te-300x300.jpg 300w, http:\/\/paroquiagloria.org\/v2\/wp-content\/uploads\/2020\/02\/formar_te-185x185.jpg 185w, http:\/\/paroquiagloria.org\/v2\/wp-content\/uploads\/2020\/02\/formar_te-184x184.jpg 184w\" sizes=\"(max-width: 960px) 100vw, 960px\" \/><\/a><\/p>\n<p>&nbsp;<\/p>\n<p>O Departamento da Pastoral Juvenil da Diocese de Aveiro est\u00e1 a preparar o <a href=\"http:\/\/www.diocese-aveiro.pt\/v2\/?p=19009\" target=\"_blank\">FormAr-Te<\/a>, encontro de forma\u00e7\u00e3o para Animadores.<br \/>\nO encontro ter\u00e1 lugar no dia 08 de fevereiro, entre as 09h00 e as 15h30, no Semin\u00e1rio de Aveiro.<br \/>\nO encontro \u00e9 uma oportunidade para perceber que desafios o Papa Francisco coloca na exorta\u00e7\u00e3o \u201cCristo Vive\u201d, para meditar um pouco e levar din\u00e2micas de anima\u00e7\u00e3o para melhor chegar aos jovens.<\/p>\n<p style=\"padding-left: 150px;\">CRISTO VIVE E TU?<\/p>\n<p style=\"padding-left: 180px;\">09h00 \u2013 Vem<br \/>\n09h30 \u2013 Fala-Lhe<br \/>\n09h45 \u2013 Desafia-te<br \/>\n10h30 \u2013 caF\u00c9<br \/>\n10h50 \u2013 Partilha<br \/>\n12h00 \u2013 Medita<br \/>\n13h00 \u2013 Alimenta-te<br \/>\n14h00 \u2013 Anima-te<br \/>\n15h30 \u2013 Parte<\/p>\n","protected":false},"excerpt":{"rendered":"<p>&nbsp; &nbsp; &nbsp; O Departamento da Pastoral Juvenil da Diocese de Aveiro est\u00e1 a preparar o FormAr-Te, encontro de forma\u00e7\u00e3o para Animadores. O encontro ter\u00e1 lugar no dia 08 de fevereiro, entre as 09h00 e as 15h30, no Semin\u00e1rio de Aveiro. O encontro \u00e9 uma oportunidade para perceber que desafios o Papa Francisco coloca na [&hellip;]<\/p>\n","protected":false},"author":1,"featured_media":8340,"comment_status":"open","ping_status":"closed","sticky":false,"template":"","format":"standard","meta":{"ngg_post_thumbnail":0},"categories":[1,4,2,6],"tags":[],"_links":{"self":[{"href":"http:\/\/paroquiagloria.org\/v2\/index.php?rest_route=\/wp\/v2\/posts\/8336"}],"collection":[{"href":"http:\/\/paroquiagloria.org\/v2\/index.php?rest_route=\/wp\/v2\/posts"}],"about":[{"href":"http:\/\/paroquiagloria.org\/v2\/index.php?rest_route=\/wp\/v2\/types\/post"}],"author":[{"embeddable":true,"href":"http:\/\/paroquiagloria.org\/v2\/index.php?rest_route=\/wp\/v2\/users\/1"}],"replies":[{"embeddable":true,"href":"http:\/\/paroquiagloria.org\/v2\/index.php?rest_route=%2Fwp%2Fv2%2Fcomments&post=8336"}],"version-history":[{"count":2,"href":"http:\/\/paroquiagloria.org\/v2\/index.php?rest_route=\/wp\/v2\/posts\/8336\/revisions"}],"predecessor-version":[{"id":8347,"href":"http:\/\/paroquiagloria.org\/v2\/index.php?rest_route=\/wp\/v2\/posts\/8336\/revisions\/8347"}],"wp:featuredmedia":[{"embeddable":true,"href":"http:\/\/paroquiagloria.org\/v2\/index.php?rest_route=\/wp\/v2\/media\/8340"}],"wp:attachment":[{"href":"http:\/\/paroquiagloria.org\/v2\/index.php?rest_route=%2Fwp%2Fv2%2Fmedia&parent=8336"}],"wp:term":[{"taxonomy":"category","embeddable":true,"href":"http:\/\/paroquiagloria.org\/v2\/index.php?rest_route=%2Fwp%2Fv2%2Fcategories&post=8336"},{"taxonomy":"post_tag","embeddable":true,"href":"http:\/\/paroquiagloria.org\/v2\/index.php?rest_route=%2Fwp%2Fv2%2Ftags&post=8336"}],"curies":[{"name":"wp","href":"https:\/\/api.w.org\/{rel}","templated":true}]}}