{"id":8334,"date":"2020-02-01T18:44:47","date_gmt":"2020-02-01T18:44:47","guid":{"rendered":"http:\/\/paroquiagloria.org\/v2\/?p=8334"},"modified":"2020-02-01T18:44:47","modified_gmt":"2020-02-01T18:44:47","slug":"conselho-paroquial-de-pastoral","status":"publish","type":"post","link":"http:\/\/paroquiagloria.org\/v2\/?p=8334","title":{"rendered":"Conselho Paroquial  de Pastoral"},"content":{"rendered":"<p><a href=\"http:\/\/paroquiagloria.org\/v2\/wp-content\/uploads\/2016\/04\/paroquia.jpg\"><img loading=\"lazy\" class=\"size-full wp-image-4310 aligncenter\" src=\"http:\/\/paroquiagloria.org\/v2\/wp-content\/uploads\/2016\/04\/paroquia.jpg\" alt=\"paroquia\" width=\"960\" height=\"450\" srcset=\"http:\/\/paroquiagloria.org\/v2\/wp-content\/uploads\/2016\/04\/paroquia.jpg 960w, http:\/\/paroquiagloria.org\/v2\/wp-content\/uploads\/2016\/04\/paroquia-300x141.jpg 300w\" sizes=\"(max-width: 960px) 100vw, 960px\" \/><\/a><\/p>\n<p>&nbsp;<\/p>\n<p>Reunido no passado dia 26, o Conselho deliberou que:<br \/>\n&#8211; <strong>O primeiro Domingo do m\u00eas fosse dedicado \u00e0 Fam\u00edlia<\/strong>, no decorrer do presente ano apost\u00f3lico, e que esta t\u00f3nica fosse especialmente real\u00e7ada na Liturgia Eucar\u00edstica.<\/p>\n","protected":false},"excerpt":{"rendered":"<p>&nbsp; Reunido no passado dia 26, o Conselho deliberou que: &#8211; O primeiro Domingo do m\u00eas fosse dedicado \u00e0 Fam\u00edlia, no decorrer do presente ano apost\u00f3lico, e que esta t\u00f3nica fosse especialmente real\u00e7ada na Liturgia Eucar\u00edstica.<\/p>\n","protected":false},"author":1,"featured_media":4310,"comment_status":"open","ping_status":"closed","sticky":false,"template":"","format":"standard","meta":{"ngg_post_thumbnail":0},"categories":[1,4,2,6,22],"tags":[],"_links":{"self":[{"href":"http:\/\/paroquiagloria.org\/v2\/index.php?rest_route=\/wp\/v2\/posts\/8334"}],"collection":[{"href":"http:\/\/paroquiagloria.org\/v2\/index.php?rest_route=\/wp\/v2\/posts"}],"about":[{"href":"http:\/\/paroquiagloria.org\/v2\/index.php?rest_route=\/wp\/v2\/types\/post"}],"author":[{"embeddable":true,"href":"http:\/\/paroquiagloria.org\/v2\/index.php?rest_route=\/wp\/v2\/users\/1"}],"replies":[{"embeddable":true,"href":"http:\/\/paroquiagloria.org\/v2\/index.php?rest_route=%2Fwp%2Fv2%2Fcomments&post=8334"}],"version-history":[{"count":1,"href":"http:\/\/paroquiagloria.org\/v2\/index.php?rest_route=\/wp\/v2\/posts\/8334\/revisions"}],"predecessor-version":[{"id":8335,"href":"http:\/\/paroquiagloria.org\/v2\/index.php?rest_route=\/wp\/v2\/posts\/8334\/revisions\/8335"}],"wp:featuredmedia":[{"embeddable":true,"href":"http:\/\/paroquiagloria.org\/v2\/index.php?rest_route=\/wp\/v2\/media\/4310"}],"wp:attachment":[{"href":"http:\/\/paroquiagloria.org\/v2\/index.php?rest_route=%2Fwp%2Fv2%2Fmedia&parent=8334"}],"wp:term":[{"taxonomy":"category","embeddable":true,"href":"http:\/\/paroquiagloria.org\/v2\/index.php?rest_route=%2Fwp%2Fv2%2Fcategories&post=8334"},{"taxonomy":"post_tag","embeddable":true,"href":"http:\/\/paroquiagloria.org\/v2\/index.php?rest_route=%2Fwp%2Fv2%2Ftags&post=8334"}],"curies":[{"name":"wp","href":"https:\/\/api.w.org\/{rel}","templated":true}]}}