{"id":8330,"date":"2020-01-25T19:56:22","date_gmt":"2020-01-25T19:56:22","guid":{"rendered":"http:\/\/paroquiagloria.org\/v2\/?p=8330"},"modified":"2020-01-25T19:56:22","modified_gmt":"2020-01-25T19:56:22","slug":"ser-de-cristo","status":"publish","type":"post","link":"http:\/\/paroquiagloria.org\/v2\/?p=8330","title":{"rendered":"Ser de Cristo"},"content":{"rendered":"<p><a href=\"http:\/\/paroquiagloria.org\/v2\/wp-content\/uploads\/2013\/02\/3dtc_A.jpg\"><img loading=\"lazy\" class=\"size-full wp-image-8314 aligncenter\" src=\"http:\/\/paroquiagloria.org\/v2\/wp-content\/uploads\/2013\/02\/3dtc_A.jpg\" alt=\"3dtc_A\" width=\"930\" height=\"700\" srcset=\"http:\/\/paroquiagloria.org\/v2\/wp-content\/uploads\/2013\/02\/3dtc_A.jpg 930w, http:\/\/paroquiagloria.org\/v2\/wp-content\/uploads\/2013\/02\/3dtc_A-300x226.jpg 300w\" sizes=\"(max-width: 930px) 100vw, 930px\" \/><\/a><\/p>\n<p>&nbsp;<\/p>\n<p style=\"text-align: justify;\">Apresentado por Jo\u00e3o Baptista, no deserto, Jesus n\u00e3o perde tempo, e depressa O vemos, sem receios, a dar voz ao que vinha: &#8220;Arrependei-vos, porque est\u00e1 pr\u00f3ximo o Reino dos C\u00e9us&#8221;.<br \/>\nN\u00e3o \u00e9 no templo de Jerusal\u00e9m que inicia a sua prega\u00e7\u00e3o, nem mesmo na sinagoga da sua terra, mas fora e em terras adversas, sem a seguran\u00e7a de assembleias dispostas \u00e0 escuta, nem o conforto de espa\u00e7os familiares.<br \/>\nEra na rua ou \u00e0 beira-mar, e a pessoas an\u00f3nimas, que dirigia a Palavra. Assim aconteceu hoje, para os lados de Cafarna\u00fam, onde encontrou pescadores, uns em plena faina de pesca e outros, em terra, a consertar as redes. E chamou-os. E todos deixaram tudo e seguiram-nO.<br \/>\nFoi intensa e provocante a proposta, decidida e corajosa a resposta !<br \/>\nA partir de agora, veremos Pedro e Andr\u00e9, Jo\u00e3o e Tiago e os outros que, entretanto chamados, disseram tamb\u00e9m sim ao chamamento de Jesus, para se inscreverem na Sua escola.<br \/>\nE todos foram ass\u00edduos. E todos, excepto um que desistiu, aprenderam que pertencer a um grupo ou seguir tal tend\u00eancia \u00e9 leg\u00edtimo e compreens\u00edvel; mas s\u00ea-lo de maneira exclusiva, a ponto de n\u00e3o aceitar os outros ou de n\u00e3o os reconhecer, \u00e9 dar a pessoas ou a ideias um valor absoluto, que s\u00f3 a Cristo pertence.<\/p>\n<p style=\"text-align: right;\">P. Fausto<\/p>\n<p style=\"text-align: right;\"><em>in<\/em> Di\u00e1logo 1685 (III Domingo do Tempo Comum &#8211; Ano A)<\/p>\n","protected":false},"excerpt":{"rendered":"<p>&nbsp; Apresentado por Jo\u00e3o Baptista, no deserto, Jesus n\u00e3o perde tempo, e depressa O vemos, sem receios, a dar voz ao que vinha: &#8220;Arrependei-vos, porque est\u00e1 pr\u00f3ximo o Reino dos C\u00e9us&#8221;. N\u00e3o \u00e9 no templo de Jerusal\u00e9m que inicia a sua prega\u00e7\u00e3o, nem mesmo na sinagoga da sua terra, mas fora e em terras adversas, [&hellip;]<\/p>\n","protected":false},"author":1,"featured_media":8315,"comment_status":"open","ping_status":"closed","sticky":false,"template":"","format":"standard","meta":{"ngg_post_thumbnail":0},"categories":[1,4,2,6,17],"tags":[],"_links":{"self":[{"href":"http:\/\/paroquiagloria.org\/v2\/index.php?rest_route=\/wp\/v2\/posts\/8330"}],"collection":[{"href":"http:\/\/paroquiagloria.org\/v2\/index.php?rest_route=\/wp\/v2\/posts"}],"about":[{"href":"http:\/\/paroquiagloria.org\/v2\/index.php?rest_route=\/wp\/v2\/types\/post"}],"author":[{"embeddable":true,"href":"http:\/\/paroquiagloria.org\/v2\/index.php?rest_route=\/wp\/v2\/users\/1"}],"replies":[{"embeddable":true,"href":"http:\/\/paroquiagloria.org\/v2\/index.php?rest_route=%2Fwp%2Fv2%2Fcomments&post=8330"}],"version-history":[{"count":1,"href":"http:\/\/paroquiagloria.org\/v2\/index.php?rest_route=\/wp\/v2\/posts\/8330\/revisions"}],"predecessor-version":[{"id":8331,"href":"http:\/\/paroquiagloria.org\/v2\/index.php?rest_route=\/wp\/v2\/posts\/8330\/revisions\/8331"}],"wp:featuredmedia":[{"embeddable":true,"href":"http:\/\/paroquiagloria.org\/v2\/index.php?rest_route=\/wp\/v2\/media\/8315"}],"wp:attachment":[{"href":"http:\/\/paroquiagloria.org\/v2\/index.php?rest_route=%2Fwp%2Fv2%2Fmedia&parent=8330"}],"wp:term":[{"taxonomy":"category","embeddable":true,"href":"http:\/\/paroquiagloria.org\/v2\/index.php?rest_route=%2Fwp%2Fv2%2Fcategories&post=8330"},{"taxonomy":"post_tag","embeddable":true,"href":"http:\/\/paroquiagloria.org\/v2\/index.php?rest_route=%2Fwp%2Fv2%2Ftags&post=8330"}],"curies":[{"name":"wp","href":"https:\/\/api.w.org\/{rel}","templated":true}]}}