{"id":8328,"date":"2020-01-25T19:55:16","date_gmt":"2020-01-25T19:55:16","guid":{"rendered":"http:\/\/paroquiagloria.org\/v2\/?p=8328"},"modified":"2020-01-25T19:55:16","modified_gmt":"2020-01-25T19:55:16","slug":"cantinho-da-familia-9","status":"publish","type":"post","link":"http:\/\/paroquiagloria.org\/v2\/?p=8328","title":{"rendered":"CANTINHO DA FAM\u00cdLIA &#8211; 9"},"content":{"rendered":"<p><a href=\"http:\/\/paroquiagloria.org\/v2\/wp-content\/uploads\/2019\/11\/CantinhoFamilia.jpg\"><img loading=\"lazy\" class=\"size-full wp-image-8167 aligncenter\" src=\"http:\/\/paroquiagloria.org\/v2\/wp-content\/uploads\/2019\/11\/CantinhoFamilia.jpg\" alt=\"CantinhoFamilia\" width=\"624\" height=\"416\" srcset=\"http:\/\/paroquiagloria.org\/v2\/wp-content\/uploads\/2019\/11\/CantinhoFamilia.jpg 624w, http:\/\/paroquiagloria.org\/v2\/wp-content\/uploads\/2019\/11\/CantinhoFamilia-300x200.jpg 300w, http:\/\/paroquiagloria.org\/v2\/wp-content\/uploads\/2019\/11\/CantinhoFamilia-140x94.jpg 140w\" sizes=\"(max-width: 624px) 100vw, 624px\" \/><\/a><\/p>\n<p>&nbsp;<\/p>\n<h1>Castigar \u00e9 verbo proibido de conjugar.<\/h1>\n<h3><em>O que pensa o Papa Francisco sobre o assunto ?<\/em><\/h3>\n<p>\u00c9 indispens\u00e1vel sensibilizar a crian\u00e7a e o adolescente para se aperceberem de que as m\u00e1s ac\u00e7\u00f5es t\u00eam consequ\u00eancias. \u00c9 preciso despertar a capacidade de se colocar no lugar do outro e sentir pesar pelo sofrimento originado pelo mal que lhe fez&#8230;<\/p>\n<p style=\"text-align: right;\">(n\u00b0 268 da II Exorta\u00e7\u00e3o Apost\u00f3lica do Papa Francisco &#8220;Amoris Laetitia&#8221;)<\/p>\n<p>&nbsp;<\/p>\n<p>Condi\u00e7\u00e3o indispens\u00e1vel \u00e9 que a disciplina n\u00e3o se transforme numa mutila\u00e7\u00e3o do desejo, mas se torne um est\u00edmulo para ir sempre mais al\u00e9m. Como integrar disciplina e dinamismo interior?<br \/>\n\u00c9 preciso saber encontrar um equil\u00edbrio entre dois extremos igualmente nocivos: um seria pretender construir um mundo \u00e0 medida dos desejos do filho, que cresceria sentindo-se sujeito de direitos mas n\u00e3o de responsabilidades; o outro extremo seria lev\u00e1-lo a viver sem consci\u00eancia da sua dignidade, da sua identidade singular e dos seus direitos, torturado pelos deveres e submetido \u00e0 realiza\u00e7\u00e3o dos desejos alheios.<\/p>\n<p style=\"text-align: right;\">(n\u00b0 270 da II Exorta\u00e7\u00e3o Apost\u00f3lica do Papa Francisco &#8220;Amoris Laetitia&#8221;)<\/p>\n<p style=\"text-align: right;\">\n<p style=\"text-align: right;\">___________________________________________<\/p>\n<h3 style=\"text-align: center;\">Se integra as Equipas de prepara\u00e7\u00e3o para o Matrim\u00f3nio ou para o Baptismo, na\u00a0 nossa Par\u00f3quia, n\u00e3o esque\u00e7a que temos uma Assembleia de Casais, no Centro Paroquial de Esgueira, no dia 30, quinta-feira, \u00e0s 21h15.<\/h3>\n<p>___________________________________________<\/p>\n<p>&nbsp;<\/p>\n\r\n\t\t\t<div class='et-tabs-container et_sliderfx_fade et_sliderauto_false et_sliderauto_speed_5000 et_slidertype_top_tabs'>\r\n\t\t\t\t<ul class='et-tabs-control'>\r\n\t\t\t<li><a href='#'>\r\n\t\t\t\r\n\t\t<\/a><\/li>\r\n\t\t<\/ul> <!-- .et-tabs-control --> \r\n\t\t<div class='et-tabs-content'>\r\n\t\t\t<div class='et-tabs-content-wrapper'>\r\n\t\t\t\t<div class='et_slidecontent'>\r\n\t\t\t<span style=\"color: #ff0000;\"><strong>Ora\u00e7\u00e3o de Ben\u00e7\u00e3o para a mesa durante a semana<\/strong><\/span>: Senhor, Aben\u00e7oa o p\u00e3o com que nos alimentas e que agora fortalece o nosso corpo. Que ele nos d\u00ea for\u00e7as para buscarmos o verdadeiro alimento espiritual que \u00e9 a Tua Palavra. Gl\u00f3ria ao Pai, ao Filho e ao Esp\u00edrito Santo, Como era no princ\u00edpio, agora e sempre. Am\u00e9m\r\n\t\t<\/div>\r\n\t\t\t<\/div>\r\n\t\t<\/div>\r\n\t\t\t<\/div> <!-- .et-tabs-container -->\n","protected":false},"excerpt":{"rendered":"<p>&nbsp; Castigar \u00e9 verbo proibido de conjugar. O que pensa o Papa Francisco sobre o assunto ? \u00c9 indispens\u00e1vel sensibilizar a crian\u00e7a e o adolescente para se aperceberem de que as m\u00e1s ac\u00e7\u00f5es t\u00eam consequ\u00eancias. \u00c9 preciso despertar a capacidade de se colocar no lugar do outro e sentir pesar pelo sofrimento originado pelo mal [&hellip;]<\/p>\n","protected":false},"author":1,"featured_media":8166,"comment_status":"open","ping_status":"closed","sticky":false,"template":"","format":"standard","meta":{"ngg_post_thumbnail":0},"categories":[1,4,2,6,22],"tags":[],"_links":{"self":[{"href":"http:\/\/paroquiagloria.org\/v2\/index.php?rest_route=\/wp\/v2\/posts\/8328"}],"collection":[{"href":"http:\/\/paroquiagloria.org\/v2\/index.php?rest_route=\/wp\/v2\/posts"}],"about":[{"href":"http:\/\/paroquiagloria.org\/v2\/index.php?rest_route=\/wp\/v2\/types\/post"}],"author":[{"embeddable":true,"href":"http:\/\/paroquiagloria.org\/v2\/index.php?rest_route=\/wp\/v2\/users\/1"}],"replies":[{"embeddable":true,"href":"http:\/\/paroquiagloria.org\/v2\/index.php?rest_route=%2Fwp%2Fv2%2Fcomments&post=8328"}],"version-history":[{"count":1,"href":"http:\/\/paroquiagloria.org\/v2\/index.php?rest_route=\/wp\/v2\/posts\/8328\/revisions"}],"predecessor-version":[{"id":8329,"href":"http:\/\/paroquiagloria.org\/v2\/index.php?rest_route=\/wp\/v2\/posts\/8328\/revisions\/8329"}],"wp:featuredmedia":[{"embeddable":true,"href":"http:\/\/paroquiagloria.org\/v2\/index.php?rest_route=\/wp\/v2\/media\/8166"}],"wp:attachment":[{"href":"http:\/\/paroquiagloria.org\/v2\/index.php?rest_route=%2Fwp%2Fv2%2Fmedia&parent=8328"}],"wp:term":[{"taxonomy":"category","embeddable":true,"href":"http:\/\/paroquiagloria.org\/v2\/index.php?rest_route=%2Fwp%2Fv2%2Fcategories&post=8328"},{"taxonomy":"post_tag","embeddable":true,"href":"http:\/\/paroquiagloria.org\/v2\/index.php?rest_route=%2Fwp%2Fv2%2Ftags&post=8328"}],"curies":[{"name":"wp","href":"https:\/\/api.w.org\/{rel}","templated":true}]}}