{"id":8324,"date":"2020-01-25T19:52:50","date_gmt":"2020-01-25T19:52:50","guid":{"rendered":"http:\/\/paroquiagloria.org\/v2\/?p=8324"},"modified":"2020-01-25T19:52:50","modified_gmt":"2020-01-25T19:52:50","slug":"jornadas-de-formacao-do-clero-2","status":"publish","type":"post","link":"http:\/\/paroquiagloria.org\/v2\/?p=8324","title":{"rendered":"Jornadas de Forma\u00e7\u00e3o do Clero"},"content":{"rendered":"<p><a href=\"http:\/\/paroquiagloria.org\/v2\/wp-content\/uploads\/2020\/01\/jornadasclero_banner.jpg\"><img loading=\"lazy\" class=\"size-large wp-image-8326 aligncenter\" src=\"http:\/\/paroquiagloria.org\/v2\/wp-content\/uploads\/2020\/01\/jornadasclero_banner-1024x363.jpg\" alt=\"jornadasclero_banner\" width=\"1024\" height=\"363\" srcset=\"http:\/\/paroquiagloria.org\/v2\/wp-content\/uploads\/2020\/01\/jornadasclero_banner-1024x363.jpg 1024w, http:\/\/paroquiagloria.org\/v2\/wp-content\/uploads\/2020\/01\/jornadasclero_banner-300x106.jpg 300w\" sizes=\"(max-width: 1024px) 100vw, 1024px\" \/><\/a><\/p>\n<p>&nbsp;<\/p>\n<p>Decorrem de 4 a 6 de Fevereiro as Jornadas de Forma\u00e7\u00e3o do Clero, que este ano ter\u00e3o como tema Fam\u00edlias em mudan\u00e7a: Problem\u00e1ticas, desafios e caminhos.<br \/>\nA dinamizar estes tr\u00eas dias de forma\u00e7\u00e3o do clero diocesano estar\u00e3o os Padres Miguel Almeida, SJ e Jos\u00e9 Augusto Rodrigues, da Diocese de Leiria-F\u00e1tima. Receber\u00e3o tamb\u00e9m o testemunho de algumas fam\u00edlias.<br \/>\nO Semin\u00e1rio de Santa Joana Princesa, em Aveiro, acolher\u00e1 estes dias de forma\u00e7\u00e3o, com in\u00edcio \u00e0s 9h30.<\/p>\n","protected":false},"excerpt":{"rendered":"<p>&nbsp; Decorrem de 4 a 6 de Fevereiro as Jornadas de Forma\u00e7\u00e3o do Clero, que este ano ter\u00e3o como tema Fam\u00edlias em mudan\u00e7a: Problem\u00e1ticas, desafios e caminhos. A dinamizar estes tr\u00eas dias de forma\u00e7\u00e3o do clero diocesano estar\u00e3o os Padres Miguel Almeida, SJ e Jos\u00e9 Augusto Rodrigues, da Diocese de Leiria-F\u00e1tima. Receber\u00e3o tamb\u00e9m o testemunho [&hellip;]<\/p>\n","protected":false},"author":1,"featured_media":8325,"comment_status":"open","ping_status":"closed","sticky":false,"template":"","format":"standard","meta":{"ngg_post_thumbnail":0},"categories":[1,4,2,6,22],"tags":[],"_links":{"self":[{"href":"http:\/\/paroquiagloria.org\/v2\/index.php?rest_route=\/wp\/v2\/posts\/8324"}],"collection":[{"href":"http:\/\/paroquiagloria.org\/v2\/index.php?rest_route=\/wp\/v2\/posts"}],"about":[{"href":"http:\/\/paroquiagloria.org\/v2\/index.php?rest_route=\/wp\/v2\/types\/post"}],"author":[{"embeddable":true,"href":"http:\/\/paroquiagloria.org\/v2\/index.php?rest_route=\/wp\/v2\/users\/1"}],"replies":[{"embeddable":true,"href":"http:\/\/paroquiagloria.org\/v2\/index.php?rest_route=%2Fwp%2Fv2%2Fcomments&post=8324"}],"version-history":[{"count":1,"href":"http:\/\/paroquiagloria.org\/v2\/index.php?rest_route=\/wp\/v2\/posts\/8324\/revisions"}],"predecessor-version":[{"id":8327,"href":"http:\/\/paroquiagloria.org\/v2\/index.php?rest_route=\/wp\/v2\/posts\/8324\/revisions\/8327"}],"wp:featuredmedia":[{"embeddable":true,"href":"http:\/\/paroquiagloria.org\/v2\/index.php?rest_route=\/wp\/v2\/media\/8325"}],"wp:attachment":[{"href":"http:\/\/paroquiagloria.org\/v2\/index.php?rest_route=%2Fwp%2Fv2%2Fmedia&parent=8324"}],"wp:term":[{"taxonomy":"category","embeddable":true,"href":"http:\/\/paroquiagloria.org\/v2\/index.php?rest_route=%2Fwp%2Fv2%2Fcategories&post=8324"},{"taxonomy":"post_tag","embeddable":true,"href":"http:\/\/paroquiagloria.org\/v2\/index.php?rest_route=%2Fwp%2Fv2%2Ftags&post=8324"}],"curies":[{"name":"wp","href":"https:\/\/api.w.org\/{rel}","templated":true}]}}