{"id":8318,"date":"2020-01-25T19:48:15","date_gmt":"2020-01-25T19:48:15","guid":{"rendered":"http:\/\/paroquiagloria.org\/v2\/?p=8318"},"modified":"2020-01-25T19:48:15","modified_gmt":"2020-01-25T19:48:15","slug":"domingo-da-palavra","status":"publish","type":"post","link":"http:\/\/paroquiagloria.org\/v2\/?p=8318","title":{"rendered":"Domingo da Palavra"},"content":{"rendered":"<p><a href=\"http:\/\/paroquiagloria.org\/v2\/wp-content\/uploads\/2020\/01\/papa_francisco_domingo_palavra-980x653.jpg\"><img loading=\"lazy\" class=\"size-full wp-image-8320 aligncenter\" src=\"http:\/\/paroquiagloria.org\/v2\/wp-content\/uploads\/2020\/01\/papa_francisco_domingo_palavra-980x653.jpg\" alt=\"papa_francisco_domingo_palavra-980x653\" width=\"980\" height=\"653\" srcset=\"http:\/\/paroquiagloria.org\/v2\/wp-content\/uploads\/2020\/01\/papa_francisco_domingo_palavra-980x653.jpg 980w, http:\/\/paroquiagloria.org\/v2\/wp-content\/uploads\/2020\/01\/papa_francisco_domingo_palavra-980x653-300x200.jpg 300w, http:\/\/paroquiagloria.org\/v2\/wp-content\/uploads\/2020\/01\/papa_francisco_domingo_palavra-980x653-140x94.jpg 140w\" sizes=\"(max-width: 980px) 100vw, 980px\" \/><\/a><\/p>\n<p>&nbsp;<\/p>\n<p>Em setembro de 2019, o Papa Francisco divulgou a carta apost\u00f3lica \u2018Aperuit illis\u2019 (\u2018Abriu-lhes o entendimento\u2019) onde anunciava a institui\u00e7\u00e3o de um \u201cDomingo da Palavra de Deus\u201d, celebra\u00e7\u00e3o anual nas comunidades cat\u00f3licas que visa promover a \u201cfamiliaridade\u201d com a B\u00edblia, que ser\u00e1 celebrado no III Domingo do Tempo Comum.<br \/>\nO Secretariado Nacional da Educa\u00e7\u00e3o Crist\u00e3 (SNEC) lan\u00e7ou o desafio \u00e0s par\u00f3quias de Portugal para conhecerem a nova tradu\u00e7\u00e3o da B\u00edblia e adquirirem, a pre\u00e7o simb\u00f3lico, o volume com os textos dos Quatro Evangelhos e os Salmos.<\/p>\n<p style=\"text-align: right;\">fonte: <a href=\"https:\/\/agencia.ecclesia.pt\/portal\/domingo-da-palavra-de-norte-a-sul\/\" target=\"_blank\">ecclesia<\/a><\/p>\n","protected":false},"excerpt":{"rendered":"<p>&nbsp; Em setembro de 2019, o Papa Francisco divulgou a carta apost\u00f3lica \u2018Aperuit illis\u2019 (\u2018Abriu-lhes o entendimento\u2019) onde anunciava a institui\u00e7\u00e3o de um \u201cDomingo da Palavra de Deus\u201d, celebra\u00e7\u00e3o anual nas comunidades cat\u00f3licas que visa promover a \u201cfamiliaridade\u201d com a B\u00edblia, que ser\u00e1 celebrado no III Domingo do Tempo Comum. O Secretariado Nacional da Educa\u00e7\u00e3o [&hellip;]<\/p>\n","protected":false},"author":1,"featured_media":8319,"comment_status":"open","ping_status":"closed","sticky":false,"template":"","format":"standard","meta":{"ngg_post_thumbnail":0},"categories":[1,4,2,6],"tags":[],"_links":{"self":[{"href":"http:\/\/paroquiagloria.org\/v2\/index.php?rest_route=\/wp\/v2\/posts\/8318"}],"collection":[{"href":"http:\/\/paroquiagloria.org\/v2\/index.php?rest_route=\/wp\/v2\/posts"}],"about":[{"href":"http:\/\/paroquiagloria.org\/v2\/index.php?rest_route=\/wp\/v2\/types\/post"}],"author":[{"embeddable":true,"href":"http:\/\/paroquiagloria.org\/v2\/index.php?rest_route=\/wp\/v2\/users\/1"}],"replies":[{"embeddable":true,"href":"http:\/\/paroquiagloria.org\/v2\/index.php?rest_route=%2Fwp%2Fv2%2Fcomments&post=8318"}],"version-history":[{"count":1,"href":"http:\/\/paroquiagloria.org\/v2\/index.php?rest_route=\/wp\/v2\/posts\/8318\/revisions"}],"predecessor-version":[{"id":8321,"href":"http:\/\/paroquiagloria.org\/v2\/index.php?rest_route=\/wp\/v2\/posts\/8318\/revisions\/8321"}],"wp:featuredmedia":[{"embeddable":true,"href":"http:\/\/paroquiagloria.org\/v2\/index.php?rest_route=\/wp\/v2\/media\/8319"}],"wp:attachment":[{"href":"http:\/\/paroquiagloria.org\/v2\/index.php?rest_route=%2Fwp%2Fv2%2Fmedia&parent=8318"}],"wp:term":[{"taxonomy":"category","embeddable":true,"href":"http:\/\/paroquiagloria.org\/v2\/index.php?rest_route=%2Fwp%2Fv2%2Fcategories&post=8318"},{"taxonomy":"post_tag","embeddable":true,"href":"http:\/\/paroquiagloria.org\/v2\/index.php?rest_route=%2Fwp%2Fv2%2Ftags&post=8318"}],"curies":[{"name":"wp","href":"https:\/\/api.w.org\/{rel}","templated":true}]}}